{"id":71553,"date":"2020-08-17T09:39:32","date_gmt":"2020-08-17T07:39:32","guid":{"rendered":"http:\/\/www.santacroceweb.com\/?p=71553"},"modified":"2020-08-17T09:40:11","modified_gmt":"2020-08-17T07:40:11","slug":"albora-seconda-ondata-non-ce-alcuna-certezza-ma-occorre-prudenza","status":"publish","type":"post","link":"https:\/\/www.santacroceweb.com\/index.php\/2020\/08\/17\/albora-seconda-ondata-non-ce-alcuna-certezza-ma-occorre-prudenza\/","title":{"rendered":"Albora: &#8220;Seconda ondata? Nessuna certezza, ma occorre prudenza&#8221;"},"content":{"rendered":"<p style=\"text-align: justify;\">Giuseppe Albora, originario di Santa Croce Camerina, \u00e8 medico chirurgo e medico in Formazione Specialistica in Igiene e Medicina Preventiva all&#8217;Universit\u00e0 degli Studi di Firenze. Le sue analisi hanno orientato la scelte e i comportamenti dei suoi concittadini &#8211; e non soltanto loro &#8211; nella fase pi\u00f9 acuta della pandemia. Ma non \u00e8 finita. L&#8217;incedere di nuovi casi merita riflessioni approfondite e un richiamo al senso di responsabilit\u00e0 di ognuno.<\/p>\n<p style=\"text-align: justify;\"><strong>Dott. Albora come vede la situazione Covid-19 in Italia in questo momento?<\/strong><\/p>\n<p style=\"text-align: justify;\">&#8220;Sul filo di un rasoio. Ci troviamo in mezzo ad una pandemia che in Italia, grazie alle politiche messe in atto dal governo, \u00e8 stata contenuta efficacemente. Oggi l\u2019Italia paragonata agli altri Paesi europei ha una situazione senz\u2019altro pi\u00f9 controllata e controllabile e questo ci ha permesso (e ci permette tuttora) di ritornare a frequentare gli spazi della vita organizzata in tante sue forme. Bisogna mantenere, tuttavia, l\u2019asticella dell\u2019attenzione alta perch\u00e9 pi\u00f9 di 500 contagi al giorno non sono pochi e potrebbero raggiungere i numeri che abbiamo visto nella scorsa primavera senza grosse difficolt\u00e0&#8221;.<\/p>\n<p style=\"text-align: justify;\"><strong>Si parla tanto di seconda ondata e del rischio che questa potr\u00e0 verificarsi proprio in autunno. Lei cosa ne pensa?<\/strong><\/p>\n<p style=\"text-align: justify;\">&#8220;La storia delle pandemie ci insegna che le seconde ondate sono degli eventi possibili. Questa pandemia non fa eccezione e gli alti numeri di contagi che osserviamo in diverse aree del mondo sono preoccupanti. L\u2019abbassamento delle temperature ed il ritorno alla vita sociale in ambienti chiusi sono dei fattori che potranno predisporre ad una nuova recrudescenza della diffusione del virus nel nostro Paese. Parliamo di un evento possibile, ma non di una certezza. Noi non sappiamo se, quando e come comparir\u00e0 una nuova ondata, ma sappiamo, e questa invece \u00e8 una certezza, che in autunno ritorner\u00e0 ad aumentare l\u2019incidenza dell\u2019influenza stagionale e di varie forme di riniti. Stiamo parlando di patologie che hanno una sintomatologia simile a quella provocata dall\u2019infezione di Coronavirus, per cui sar\u00e0 fondamentale saper eseguire delle adeguate diagnosi differenziali con la Covid-19 attraverso un uso massiccio e intelligente di tamponi, cos\u00ec come sar\u00e0 altrettanto importante organizzare i percorsi dei pazienti in maniera impeccabile, altrimenti si rischia che il sistema, pur in assenza di pandemia, possa comunque collassare. \u00a0Questo obiettivo potr\u00e0 essere raggiunto soltanto attraverso un\u2019efficiente integrazione tra la rete ospedaliera, la rete dei servizi territoriali ed i dipartimenti di prevenzione, ovvero le tre strutture portanti del nostro Sistema Sanitario Nazionale&#8221;.<\/p>\n<p style=\"text-align: justify;\"><strong>Cosa potremo fare affinch\u00e9 ci\u00f2 non accada?<\/strong><\/p>\n<p style=\"text-align: justify;\">&#8220;Il cittadino dovr\u00e0 continuare ad attenersi alle disposizioni ed ai consigli. Questi sono sempre gli stessi: l\u2019uso della mascherina, il distanziamento fisico ed una corretta igiene delle mani. A questi si aggiunge la forte raccomandazione di ricorrere alla vaccinazione antinfluenzale. Quest\u2019anno vaccinarsi \u00e8 ancora pi\u00f9 importante rispetto agli scorsi anni: in primo luogo per ridurre il numero di pazienti con sintomi simili a quelli di Covid-19 e quindi ridurre il ricorso alle diagnosi differenziali; in secondo luogo poich\u00e9 una contemporanea infezione di Coronavirus e Virus influenzale potrebbe peggiorare significativamente la prognosi del paziente&#8221;.<\/p>\n<p style=\"text-align: justify;\"><strong>A proposito di vaccino, tante sono le notizie che circolano, molte sono discordanti tra loro. Secondo Lei quando potremo avere davvero un vaccino contro il Coronavirus?<\/strong><\/p>\n<p style=\"text-align: justify;\">&#8220;Le sfide correlate al vaccino sono essenzialmente due. La prima \u00e8 quella su cui si concentra maggiormente l\u2019attenzione dell\u2019opinione pubblica, ovvero: ottenere un vaccino efficace. Le sperimentazioni sui vaccini richiedono molto tempo, essendo degli strumenti preventivi vengono somministrati a persone sane, non malate. Non potendo, eticamente, infettare tali soggetti volontariamente per vedere se il vaccino protegge o meno, di solito la sperimentazione prevede la somministrazione a popolazioni a rischio e ne viene stimata l\u2019efficacia nel tempo. Si comprendono, dunque, le difficolt\u00e0 che la produzione di un vaccino efficace incontra&#8221;.<\/p>\n<p style=\"text-align: justify;\"><strong>E la seconda?<\/strong><\/p>\n<p style=\"text-align: justify;\">&#8220;E&#8217; quella di cui si discute meno, ma che \u00e8 altrettanto importante e non bisogna sottovalutare: ossia la produzione e distribuzione di una quantit\u00e0 di dosi di vaccino tale da coprire l\u2019intero globo. Anche questa fase richiede del tempo. In sintesi, oggi noi non sappiamo con certezza quando riusciremo ad ottenere delle coperture vaccinali efficaci, sappiamo per\u00f2 che queste non saranno raggiunte entro il prossimo autunno, per cui le uniche armi che abbiamo a disposizione sono quelle che ricordavo precedentemente. Bisogna muoversi ed agire giorno per giorno in base alle condizioni che la realt\u00e0 impone, non possiamo fare programmi a lungo termine&#8221;.<\/p>\n<p style=\"text-align: justify;\"><strong>Se dovesse verificarsi una nuova ondata, \u00e8 probabile un nuovo lockdown?<\/strong><\/p>\n<p style=\"text-align: justify;\">&#8220;Non credo che un nuovo lockdown sia possibile, almeno nei termini di quello che abbiamo vissuto in primavera. Ritengo, tuttavia, plausibili delle chiusure e delle restrizioni regionali e cittadine. Un nuovo lockdown nazionale potrebbe essere necessario, ma non credo che questo sia realizzabile. A differenza della fase I siamo in una condizione economica molto diversa da quella di 5 mesi fa. Tutte le azioni che verranno messe in atto dovranno essere sempre il frutto di un compromesso, di un equilibrio tra le valutazioni di natura sanitaria e quelle di natura economica. Badiamo bene per\u00f2, le responsabilit\u00e0 non saranno solo delle Istituzioni: pi\u00f9 i cittadini saranno attenti ed osservanti delle regole, meno la curva dei contagi crescer\u00e0 e minore sar\u00e0 la necessit\u00e0 di ricorrere a decreti ed ordinanze restrittive&#8221;.<\/p>\n<p style=\"text-align: justify;\"><strong>Un\u2019ultima domanda sulla situazione locale: la provincia di Ragusa \u00e8 balzata agli onori della cronaca nazionale visto l\u2019incremento del numero di contagi. Quanto ritiene preoccupante la situazione?<\/strong><\/p>\n<p style=\"text-align: justify;\">&#8220;Purtroppo ritengo che la situazione in provincia sia preoccupante e da non sottovalutare. Il Direttore Generale dell\u2019Asp 7 Aliqu\u00f2, nel suo comunicato del 13 agosto, ha parlato di 2.5 nuove persone contagiate da ogni nuovo soggetto risultato positivo. Stiamo parlando del \u201cfamoso\u201d R0. Un R0 uguale a 2,5 non pu\u00f2 e non deve essere sottovalutato. Dall\u2019altro lato osservo da parte della popolazione una percezione del rischio piuttosto bassa: le localit\u00e0 di mare sono piene di persone che affollano locali e vie cittadine in cui l\u2019osservanza del distanziamento fisico o quella dell\u2019uso della mascherina non sempre viene rispettata. Colgo l\u2019occasione per reiterare l\u2019appello alla massima prudenza: le regole da osservare non sono molte e non vanno nemmeno ad inficiare il divertimento e lo svago. Anche in questo caso raggiungere un giusto equilibrio \u00e8 la strada giusta&#8221;.<\/p>\n","protected":false},"excerpt":{"rendered":"<p>Giuseppe Albora, originario di Santa Croce Camerina, \u00e8 medico chirurgo e medico in Formazione Specialistica in Igiene e Medicina Preventiva all&#8217;Universit\u00e0 degli Studi di Firenze. Le sue analisi hanno orientato la scelte e i comportamenti dei suoi concittadini &#8211; e non soltanto loro &#8211; nella fase pi\u00f9 acuta della pandemia. Ma non \u00e8 finita. L&#8217;incedere [&hellip;]<\/p>\n","protected":false},"author":34,"featured_media":71554,"comment_status":"closed","ping_status":"open","sticky":false,"template":"","format":"standard","meta":{"footnotes":""},"categories":[8,11],"tags":[246,280,281],"class_list":["post-71553","post","type-post","status-publish","format-standard","has-post-thumbnail","hentry","category-attualita","category-primopiano","tag-covid","tag-giuseppe-albora","tag-universita-degli-studi-di-firenze"],"_links":{"self":[{"href":"https:\/\/www.santacroceweb.com\/index.php\/wp-json\/wp\/v2\/posts\/71553","targetHints":{"allow":["GET"]}}],"collection":[{"href":"https:\/\/www.santacroceweb.com\/index.php\/wp-json\/wp\/v2\/posts"}],"about":[{"href":"https:\/\/www.santacroceweb.com\/index.php\/wp-json\/wp\/v2\/types\/post"}],"author":[{"embeddable":true,"href":"https:\/\/www.santacroceweb.com\/index.php\/wp-json\/wp\/v2\/users\/34"}],"replies":[{"embeddable":true,"href":"https:\/\/www.santacroceweb.com\/index.php\/wp-json\/wp\/v2\/comments?post=71553"}],"version-history":[{"count":0,"href":"https:\/\/www.santacroceweb.com\/index.php\/wp-json\/wp\/v2\/posts\/71553\/revisions"}],"wp:featuredmedia":[{"embeddable":true,"href":"https:\/\/www.santacroceweb.com\/index.php\/wp-json\/wp\/v2\/media\/71554"}],"wp:attachment":[{"href":"https:\/\/www.santacroceweb.com\/index.php\/wp-json\/wp\/v2\/media?parent=71553"}],"wp:term":[{"taxonomy":"category","embeddable":true,"href":"https:\/\/www.santacroceweb.com\/index.php\/wp-json\/wp\/v2\/categories?post=71553"},{"taxonomy":"post_tag","embeddable":true,"href":"https:\/\/www.santacroceweb.com\/index.php\/wp-json\/wp\/v2\/tags?post=71553"}],"curies":[{"name":"wp","href":"https:\/\/api.w.org\/{rel}","templated":true}]}}