{"id":71727,"date":"2020-08-28T08:59:26","date_gmt":"2020-08-28T06:59:26","guid":{"rendered":"http:\/\/www.santacroceweb.com\/?p=71727"},"modified":"2020-08-28T09:27:06","modified_gmt":"2020-08-28T07:27:06","slug":"ai-lati-del-cimitero-una-discarica-abusiva-lultima-frontiera-degli-incivili","status":"publish","type":"post","link":"https:\/\/www.santacroceweb.com\/index.php\/2020\/08\/28\/ai-lati-del-cimitero-una-discarica-abusiva-lultima-frontiera-degli-incivili\/","title":{"rendered":"Ai lati del cimitero una discarica: l&#8217;ultima frontiera degli incivili"},"content":{"rendered":"<p style=\"text-align: justify;\"><strong>Si moltiplicano, purtroppo, gli episodi di incivilt\u00e0<\/strong> nell\u2019abbandono dei rifiuti. Uno degli ultimi si \u00e8 verificato ieri mattina nel piazzale del cimitero di Santa Croce, dove alcuni incivili hanno abbandonato sacchi di monnezza. Sicuramente gli stessi che per non voler differenziare e non pagare la Tari, scelgono di abbandonare i propri rifiuti domestici in luoghi antistanti la citt\u00e0. &#8220;Si tratta di individui che non hanno alcun rispetto per il paese &#8211; dice Salvatore Mandar\u00e0 di Fare Ambiente &#8211; n\u00e9 per un luogo che merita decoro. Le tracce dei rifiuti ed il contenuto evidenziano e lasciano pensare che siano extracomunitari, oramai abituati a queste forme incivilt\u00e0. La segnalazione di Fare Ambiente \u00e8 arrivata puntualmente al sindaco Giovanni Barone ed al responsabile della ditta che si occupa della raccolta&#8221;.<\/p>\n","protected":false},"excerpt":{"rendered":"<p>Si moltiplicano, purtroppo, gli episodi di incivilt\u00e0 nell\u2019abbandono dei rifiuti. Uno degli ultimi si \u00e8 verificato ieri mattina nel piazzale del cimitero di Santa Croce, dove alcuni incivili hanno abbandonato sacchi di monnezza. Sicuramente gli stessi che per non voler differenziare e non pagare la Tari, scelgono di abbandonare i propri rifiuti domestici in luoghi [&hellip;]<\/p>\n","protected":false},"author":34,"featured_media":71728,"comment_status":"closed","ping_status":"open","sticky":false,"template":"","format":"standard","meta":{"footnotes":""},"categories":[7],"tags":[320,190,139],"class_list":["post-71727","post","type-post","status-publish","format-standard","has-post-thumbnail","hentry","category-cronaca","tag-cimitero","tag-rifiuti","tag-santa-croce-camerina"],"_links":{"self":[{"href":"https:\/\/www.santacroceweb.com\/index.php\/wp-json\/wp\/v2\/posts\/71727","targetHints":{"allow":["GET"]}}],"collection":[{"href":"https:\/\/www.santacroceweb.com\/index.php\/wp-json\/wp\/v2\/posts"}],"about":[{"href":"https:\/\/www.santacroceweb.com\/index.php\/wp-json\/wp\/v2\/types\/post"}],"author":[{"embeddable":true,"href":"https:\/\/www.santacroceweb.com\/index.php\/wp-json\/wp\/v2\/users\/34"}],"replies":[{"embeddable":true,"href":"https:\/\/www.santacroceweb.com\/index.php\/wp-json\/wp\/v2\/comments?post=71727"}],"version-history":[{"count":0,"href":"https:\/\/www.santacroceweb.com\/index.php\/wp-json\/wp\/v2\/posts\/71727\/revisions"}],"wp:featuredmedia":[{"embeddable":true,"href":"https:\/\/www.santacroceweb.com\/index.php\/wp-json\/wp\/v2\/media\/71728"}],"wp:attachment":[{"href":"https:\/\/www.santacroceweb.com\/index.php\/wp-json\/wp\/v2\/media?parent=71727"}],"wp:term":[{"taxonomy":"category","embeddable":true,"href":"https:\/\/www.santacroceweb.com\/index.php\/wp-json\/wp\/v2\/categories?post=71727"},{"taxonomy":"post_tag","embeddable":true,"href":"https:\/\/www.santacroceweb.com\/index.php\/wp-json\/wp\/v2\/tags?post=71727"}],"curies":[{"name":"wp","href":"https:\/\/api.w.org\/{rel}","templated":true}]}}