{"id":71929,"date":"2020-09-12T08:09:48","date_gmt":"2020-09-12T06:09:48","guid":{"rendered":"http:\/\/www.santacroceweb.com\/?p=71929"},"modified":"2020-09-12T08:09:48","modified_gmt":"2020-09-12T06:09:48","slug":"frasca-invoca-il-commissario-basta-con-le-combriccole-e-le-cordate","status":"publish","type":"post","link":"https:\/\/www.santacroceweb.com\/index.php\/2020\/09\/12\/frasca-invoca-il-commissario-basta-con-le-combriccole-e-le-cordate\/","title":{"rendered":"Frasca invoca il commissario: &#8220;Basta con le combriccole e le cordate&#8221;"},"content":{"rendered":"<p style=\"text-align: justify;\"><strong>&#8220;Che ognuno si assuma le proprie responsabilit\u00e0. <\/strong>Un &#8220;s\u00ec&#8221; per affrettare il progresso, un &#8220;no&#8221; per prolungare l\u2019agonia di un\u2019amministrazione che si \u00e8 rivelata la peggiore di sempre&#8221;. Comincia cos\u00ec la nota di Filippo Frasca, ex vicesindaco, estromesso nel corso dell&#8217;ultimo azzeramento della giunta, che oggi scrive nelle vesti di segretario cittadino di Territorio. &#8220;Una fase di commissariamento non trattandosi di scioglimento per mafia, \u00e8 propedeutica alla crescita della comunit\u00e0 &#8211; spiega Frasca -; estirpare questa amministrazione, divenuta amministrativamente parlando \u201ceretica\u201d \u00e8 un dovere civico. I provvedimenti con cui il presidente della Repubblica, su proposta del Ministro dell\u2019Interno, dispone lo scioglimento di un Consiglio comunale \u00e8 indice indiretto dell\u2019efficienza delle amministrazioni locali (e di efficienza a Santa Croce c\u2019\u00e8 solo quella con cui si riesce a mantenere la poltrona). In Italia un comune pu\u00f2 essere commissariato per persistenti violazioni di legge (art. 141 del Tuel), mancata approvazione del bilancio, mancato funzionamento degli organi (possibilit\u00e0 che pu\u00f2 riguardare il sindaco con dimissioni, decadenza o sfiducia). Quindi, le considerazioni da fare sono semplici: i cittadini sono soddisfatti del Sindaco?&#8230; di come la citt\u00e0 si evolve?&#8230; di come perde competitivit\u00e0 rispetto altri enti locali?&#8230; Se i cittadini sono soddisfatti bene, ma se non lo sono \u2013 e sappiamo quale sia l\u2019indice di gradimento di questa amministrazione \u2013 allora ben venga la sfiducia ed un commissario. Ma la decisione passa attraverso l\u2019assunzione di responsabilit\u00e0 dei 12 consiglieri comunali, compresi quelli che in tre anni non hanno aperto bocca. Ai 12, spetta decidere se fluttuare o andare alle elezioni; di questo si assumeranno la responsabilit\u00e0&#8221;.<\/p>\n<p style=\"text-align: justify;\"><strong>&#8220;Pu\u00f2 un commissario fare pi\u00f9 danno di questa amministrazione? <\/strong>&#8211; continua Frasca nella propria disamina &#8211; Non credo, semmai pu\u00f2 far risparmiare le indennit\u00e0 e non si tratterebbe di scioglimento per mafia, per cui le elezioni slitterebbero oltre l\u2019anno, ma di semplice sfiducia a chi la merita. Stia sereno il Sindaco, la Sua mediocrit\u00e0 amministrativa \u00e8 al sicuro e bench\u00e9 divenuto \u201cinquilino abusivo\u201d di Via Carmine, pu\u00f2 dormire sonni tranquilli; le \u201ccordate\u201d e le \u201ccombriccole\u201d non sono pronte ad affrontare le elezioni, gli serve tempo per purgarsi (come le lumache) e diversi Consiglieri sanno gi\u00e0 di essere \u201cstelle cadenti\u201d che non saranno rieletti. Cari concittadini, i consiglieri comunali hanno il potere di decidere se andare alle elezioni in primavera ma devono deciderlo subito; oggi, contro lo scioglimento dell\u2019amministrazione si ergono a baluardo con fardelli di scuse di Collodiana memoria consiglieri e movimenti, ritrovati paladini del buon senso e puritani della ultima ora. Non c\u2019\u00e8 nulla da difendere in Via Carmine; il commissariamento \u00e8 la medicina che estirpa un \u201ccancro inaspettato\u201d. Cari concittadini, serve azzerare tutto e il prima possibile, per ridisegnare un futuro asettico e distante da antiche logiche localistiche. Candideremo persone per qualit\u00e0 e peculiarit\u00e0 con le esigenze della citt\u00e0 e non in base al danno che si causa intaccando i voti alle famiglie degli avversari; a vincere sar\u00e0 il sindaco che si tirer\u00e0 la sua maggioranza a prescindere dai voti di lista&#8221;.<\/p>\n<p style=\"text-align: justify;\"><strong>&#8220;Rassegnatevi &#8220;cordate&#8221; e &#8220;combriccole&#8221;, la prossima amministrazione <\/strong>che costruiremo &#8211; spiega Frasca, che pertanto preannuncia la propria discesa in campo &#8211; nascer\u00e0 all\u2019insegna del \u201ccambiamento radicale\u201d; una discontinuit\u00e0 nel modo di costruire la coalizione; mi auspico ci siamo 3, 5, 10 candidati a Sindaco, uno per partito, uno per cordata, uno per combriccola, in modo da immunizzare le elezioni dai soliti noti, dalle solite lobbies e la citt\u00e0 potr\u00e0 tornare a respirare aria di progresso. Questo perch\u00e9 la citt\u00e0 \u00e8 di tutti, la citt\u00e0 \u00e8 dei 2500 comunitari ed extracomunitari, la citt\u00e0 \u00e8 dei 3500 tra Ragusani, Comisani, Vittoriesi e Modicani da anni trapiantati a Santa Croce Camerina con famiglie ed attivit\u00e0; la citt\u00e0 \u00e8 una forza multietnica e multi-economica che i soliti noti, detentori della verit\u00e0 hanno mortificato; la citt\u00e0 \u00e8 fatta dall\u2019immenso patrimonio immobiliare della fascia costiera e dalle borgate dove nessuno mette piede per mesi e per l\u2019intero inverno, la citt\u00e0 \u00e8 fatta di coloro che ci sono nati e cresciuti e che dell\u2019ospitalit\u00e0 hanno fatto il loro vanto e non il motivo discriminante. Non voglio pi\u00f9 vedere spiagge vuote a ferragosto, non voglio pi\u00f9 vedere bocciare progetti cantierabili a febbraio 2021, non voglio pi\u00f9 vedere giovani scappare dal proprio paese, imprenditori mortificati nell\u2019esprimersi e sacrificarsi. Sar\u00e0 una rinascita epocale ed un mandato di transizione, dove sar\u00e0 un dovere far nascere e crescere gli amministratori del futuro che faranno ancor pi\u00f9 grande Santa Croce Camerina, finalmente libera da \u201ccordate\u201d e \u201ccombriccole\u201d storiche che hanno ridotto la citt\u00e0 e l\u2019amministrazione a quello che \u00e8! Io penso al dopodomani; il domani \u00e8 gi\u00e0 presente, il presente \u00e8 gi\u00e0 passato!&#8221;.<\/p>\n","protected":false},"excerpt":{"rendered":"<p>&#8220;Che ognuno si assuma le proprie responsabilit\u00e0. Un &#8220;s\u00ec&#8221; per affrettare il progresso, un &#8220;no&#8221; per prolungare l\u2019agonia di un\u2019amministrazione che si \u00e8 rivelata la peggiore di sempre&#8221;. Comincia cos\u00ec la nota di Filippo Frasca, ex vicesindaco, estromesso nel corso dell&#8217;ultimo azzeramento della giunta, che oggi scrive nelle vesti di segretario cittadino di Territorio. &#8220;Una [&hellip;]<\/p>\n","protected":false},"author":34,"featured_media":49554,"comment_status":"closed","ping_status":"open","sticky":false,"template":"","format":"standard","meta":{"footnotes":""},"categories":[4,11],"tags":[360,159,156,139],"class_list":["post-71929","post","type-post","status-publish","format-standard","has-post-thumbnail","hentry","category-politica","category-primopiano","tag-commissario","tag-filippo-frasca","tag-giovanni-barone","tag-santa-croce-camerina"],"_links":{"self":[{"href":"https:\/\/www.santacroceweb.com\/index.php\/wp-json\/wp\/v2\/posts\/71929","targetHints":{"allow":["GET"]}}],"collection":[{"href":"https:\/\/www.santacroceweb.com\/index.php\/wp-json\/wp\/v2\/posts"}],"about":[{"href":"https:\/\/www.santacroceweb.com\/index.php\/wp-json\/wp\/v2\/types\/post"}],"author":[{"embeddable":true,"href":"https:\/\/www.santacroceweb.com\/index.php\/wp-json\/wp\/v2\/users\/34"}],"replies":[{"embeddable":true,"href":"https:\/\/www.santacroceweb.com\/index.php\/wp-json\/wp\/v2\/comments?post=71929"}],"version-history":[{"count":0,"href":"https:\/\/www.santacroceweb.com\/index.php\/wp-json\/wp\/v2\/posts\/71929\/revisions"}],"wp:featuredmedia":[{"embeddable":true,"href":"https:\/\/www.santacroceweb.com\/index.php\/wp-json\/wp\/v2\/media\/49554"}],"wp:attachment":[{"href":"https:\/\/www.santacroceweb.com\/index.php\/wp-json\/wp\/v2\/media?parent=71929"}],"wp:term":[{"taxonomy":"category","embeddable":true,"href":"https:\/\/www.santacroceweb.com\/index.php\/wp-json\/wp\/v2\/categories?post=71929"},{"taxonomy":"post_tag","embeddable":true,"href":"https:\/\/www.santacroceweb.com\/index.php\/wp-json\/wp\/v2\/tags?post=71929"}],"curies":[{"name":"wp","href":"https:\/\/api.w.org\/{rel}","templated":true}]}}