{"id":72037,"date":"2020-09-19T15:43:05","date_gmt":"2020-09-19T13:43:05","guid":{"rendered":"http:\/\/www.santacroceweb.com\/?p=72037"},"modified":"2020-09-19T15:59:31","modified_gmt":"2020-09-19T13:59:31","slug":"smantellati-i-servizi-nelle-spiagge-protestano-tutti-dal-pd-a-frasca","status":"publish","type":"post","link":"https:\/\/www.santacroceweb.com\/index.php\/2020\/09\/19\/smantellati-i-servizi-nelle-spiagge-protestano-tutti-dal-pd-a-frasca\/","title":{"rendered":"Smantellati i servizi nelle spiagge. Protestano tutti: dal Pd a Frasca"},"content":{"rendered":"<p style=\"text-align: justify;\"><strong>&#8220;L\u2019attuale Amministrazione comunale ha una visione<\/strong> completamente diversa, rispetto alla nostra, dello sviluppo turistico di Santa Croce Camerina e dei borghi marinari. \u00c8 anacronistico eliminare o ridurre i servizi essenziali proprio nelle settimane durante le quali la nostra provincia \u00e8 scelta da visitatori che provengono soprattutto dal nord Europa e che si aspettano standard di attenzione verso l\u2019ambiente molto alti&#8221;. Lo scrivono in una nota il Partito Democratico e Articolo 1, in riferimento alla decisione di smantellare le spiagge dai servizi essenziali, come docce e passerelle, quando mancano dieci giorni alla conclusione del mese di settembre. &#8220;Noi punteremmo ad anticipare e prolungare la stagione turistica agevolando la permanenza dei villeggianti nei nostri borghi &#8211; si legge nella nota del centrosinistra &#8211; Nell\u2019estremo lembo della bella Sicilia, in provincia di Ragusa, la stagione balneare non pu\u00f2 di certo durare solo 40 giorni e di conseguenza neanche i servizi. Mantenere pulito il nostro territorio, comprese le nostre spiagge, deve essere il biglietto da visita per quanti vorranno scegliere di trascorrere le vacanze in questi luoghi. Iniziative di respiro internazionale e la promozione del nostro mare e delle nostre spiagge, sono alla base per un nuovo sviluppo economico&#8221;.<\/p>\n<p style=\"text-align: justify;\"><strong>Interviene anche il segretario di Territorio,<\/strong> Filippo Frasca. Che avvia la polemica con un incipit ironico: \u201cCon sommo decreto, si ordina, che la fascia costiera venga anticipatamente abbandonata e che ogni attrattiva e servizio cessi per evitare che turisti e avventori, possano disturbare la catalessi istituzionale; si ordina altres\u00ec che lo sviluppo economico in territorio di Santa Croce Camerina e borgate marinare, sia rimandato a data da destinare e non prima del mese di Luglio del 2022\u201d. Un po&#8217; di sana ironia &#8211; prosegue l&#8217;ex vicesindaco &#8211; \u00e8 quello che ci vuole per sdrammatizzare una situazione al limite dell\u2019assurdo. Il nocumento alle attivit\u00e0 economiche \u00e8 certo, la frettolosa scelta dell\u2019amministrazione di smantellare passerelle, docce e isolette ecologiche ne \u00e8 la prova. Non sono interventi per i quali necessita la maggioranza consiliare, non serve il patto di stabilit\u00e0, proclamare lo stato di calamit\u00e0 naturale; sono interventi minimali che dipendono dalla volont\u00e0 amministrativa. Chi vive di turismo, si inventa il lavoro per prolungare anche solo di una settimana la stagione. Con un colpo di spugna, l\u2019amministrazione senza sensibilit\u00e0 o confronto che fa?&#8230; Smonta passerelle, isole ecologiche e docce; del resto \u00e8 sempre la stessa amministrazione con la quale abbiamo avuto a che fare nelle sere di San Lorenzo e Ferragosto e siamo certi che le difficolt\u00e0 del settore, sono aggravate dalla scelta mediocre di sottrarre al \u201cTurismo\u201d 20.000 \u20ac che avevamo accostato in bilancio. L\u2019assessore al Turismo abbia la compiacenza di chiedere scusa, pur rimanendo a fare ombra&#8221;.<\/p>\n<p style=\"text-align: justify;\"><strong>Anche il capogruppo di Liberi di Scegliere,<\/strong> sui social, contesta l&#8217;iniziativa dell&#8217;Amministrazione: &#8220;Strisce blu fino al 30 settembre, ma servizi come passerelle e cestini per la differenziata gi\u00e0 tolti dalle spiagge da qualche giorno. Per questa Amministrazione la stagione estiva finisce secondo convenienza. Basterebbe essere sinceri e ammettere che prolungare le strisce blu serviva solo per rendere economicamente pi\u00f9 appetibile il servizio per la ditta che avrebbe preso in gestione viste le riduzioni dei posti a pagamento. Come sempre il tutto sulle tasche dei villeggianti e gestori b&amp;b che hanno pagato l&#8217;abbonamento per tutto settembre. L&#8217;ennesima contraddizione di un&#8217;amministrazione <span style=\"text-decoration: underline;\"><a href=\"https:\/\/www.santacroceweb.com\/index.php\/2020\/09\/18\/il-comune-celebra-lambiente-in-campo-contro-labbandono-dei-rifiuti\/\" target=\"_blank\" rel=\"noopener noreferrer\">che promuove giornate ecologiche<\/a><\/span> e nel frattempo toglie ai turisti il servizio di raccolta differenziata nelle spiagge. Complimenti&#8221;.<\/p>\n","protected":false},"excerpt":{"rendered":"<p>&#8220;L\u2019attuale Amministrazione comunale ha una visione completamente diversa, rispetto alla nostra, dello sviluppo turistico di Santa Croce Camerina e dei borghi marinari. \u00c8 anacronistico eliminare o ridurre i servizi essenziali proprio nelle settimane durante le quali la nostra provincia \u00e8 scelta da visitatori che provengono soprattutto dal nord Europa e che si aspettano standard di [&hellip;]<\/p>\n","protected":false},"author":34,"featured_media":70898,"comment_status":"closed","ping_status":"open","sticky":false,"template":"","format":"standard","meta":{"footnotes":""},"categories":[4,11],"tags":[148,159,276,141,147],"class_list":["post-72037","post","type-post","status-publish","format-standard","has-post-thumbnail","hentry","category-politica","category-primopiano","tag-articolo-1","tag-filippo-frasca","tag-liberi-di-scegliere","tag-luca-agnello","tag-partito-democratico"],"_links":{"self":[{"href":"https:\/\/www.santacroceweb.com\/index.php\/wp-json\/wp\/v2\/posts\/72037","targetHints":{"allow":["GET"]}}],"collection":[{"href":"https:\/\/www.santacroceweb.com\/index.php\/wp-json\/wp\/v2\/posts"}],"about":[{"href":"https:\/\/www.santacroceweb.com\/index.php\/wp-json\/wp\/v2\/types\/post"}],"author":[{"embeddable":true,"href":"https:\/\/www.santacroceweb.com\/index.php\/wp-json\/wp\/v2\/users\/34"}],"replies":[{"embeddable":true,"href":"https:\/\/www.santacroceweb.com\/index.php\/wp-json\/wp\/v2\/comments?post=72037"}],"version-history":[{"count":0,"href":"https:\/\/www.santacroceweb.com\/index.php\/wp-json\/wp\/v2\/posts\/72037\/revisions"}],"wp:featuredmedia":[{"embeddable":true,"href":"https:\/\/www.santacroceweb.com\/index.php\/wp-json\/wp\/v2\/media\/70898"}],"wp:attachment":[{"href":"https:\/\/www.santacroceweb.com\/index.php\/wp-json\/wp\/v2\/media?parent=72037"}],"wp:term":[{"taxonomy":"category","embeddable":true,"href":"https:\/\/www.santacroceweb.com\/index.php\/wp-json\/wp\/v2\/categories?post=72037"},{"taxonomy":"post_tag","embeddable":true,"href":"https:\/\/www.santacroceweb.com\/index.php\/wp-json\/wp\/v2\/tags?post=72037"}],"curies":[{"name":"wp","href":"https:\/\/api.w.org\/{rel}","templated":true}]}}