{"id":72050,"date":"2020-09-20T13:24:47","date_gmt":"2020-09-20T11:24:47","guid":{"rendered":"http:\/\/www.santacroceweb.com\/?p=72050"},"modified":"2020-09-20T17:28:55","modified_gmt":"2020-09-20T15:28:55","slug":"una-piazzetta-per-camilleri-punta-secca-rende-omaggio-al-maestro","status":"publish","type":"post","link":"https:\/\/www.santacroceweb.com\/index.php\/2020\/09\/20\/una-piazzetta-per-camilleri-punta-secca-rende-omaggio-al-maestro\/","title":{"rendered":"Una piazzetta per Camilleri: Punta Secca rende omaggio al maestro"},"content":{"rendered":"<p style=\"text-align: justify;\"><strong>\u00c8 stata intitolata al maestro Andrea Camilleri,<\/strong> nominato nel 2003 Grande ufficiale al Merito della Repubblica, la piazzetta di fronte alla casa Montalbano a Punta Secca. Proprio questo riconoscimento ha consentito di agire in deroga alla norma che vuole l\u2019intitolazione di strade o piazze a persone decedute da almeno dieci anni. L&#8217;iter iniziato circa un anno fa, a seguito di una proposta lanciata su facebook da Gianni Giacchi e da altri cittadini, \u00e8 stata colta favorevolmente dall&#8217;amministrazione comunale.<\/p>\n<p style=\"text-align: justify;\"><strong>&#8220;Con questo provvedimento sindacale <\/strong>\u2013 ha sottolineato il Sindaco Giovanni Barone \u2013 vogliamo ricordare tangibilmente un maestro di cultura, che ha fatto conoscere nel mondo un&#8217;immagine positiva della Sicilia e dei luoghi di Montalbano. Camilleri con i suoi romanzi ha regalato alla nostra Isola e alla nostra frazione di Punta Secca il pi\u00f9 efficace spot turistico&#8221;. Presenti alla cerimonia anche il Presidente del Consiglio comunale Piero Mandar\u00e0, l&#8217;Assessore Giulia Santodonato e altre autorit\u00e0 del luogo. &#8220;Ritengo giusto \u2013 ha sottolineato il presidente Mandar\u00e0 \u2013 che una frazione come Punta Secca, simbolo dei racconti dello scrittore Camilleri, tributi questo riconoscimento nei confronti di un personaggio che ha esaltato i valori della sicilianit\u00e0 e ha dato lustro promuovendo i nostri luoghi attraverso la fiction &#8220;Il Commissario Montalbano&#8221;. E&#8217; il minimo che si poteva fare nei suoi confronti&#8221;. <span style=\"color: #ff0000;\"><strong>Guarda sotto il video realizzato da Peppe Iozzia<\/strong><\/span><\/p>\n<div class=\"jlvid_container \"><iframe title=\"Intitolazione piazzetta &quot;Andrea Camilleri&quot;\" src=\"https:\/\/player.vimeo.com\/video\/459898271?dnt=1&amp;app_id=122963\" width=\"1200\" height=\"675\" frameborder=\"0\" allow=\"autoplay; fullscreen; picture-in-picture; clipboard-write; encrypted-media; web-share\" referrerpolicy=\"strict-origin-when-cross-origin\"><\/iframe><\/div>\n<div id='gallery-1' class='gallery galleryid-72050 gallery-columns-3 gallery-size-thumbnail'><figure class='gallery-item'>\n\t\t\t<div class='gallery-icon landscape'>\n\t\t\t\t<a href='https:\/\/www.santacroceweb.com\/index.php\/2020\/09\/20\/una-piazzetta-per-camilleri-punta-secca-rende-omaggio-al-maestro\/1-354\/'><img decoding=\"async\" width=\"150\" height=\"150\" src=\"https:\/\/www.santacroceweb.com\/giornale1\/wp-content\/uploads\/2020\/09\/1-3.jpg\" class=\"attachment-thumbnail size-thumbnail jl-lazyload lazyload\" alt=\"\" data-src=\"https:\/\/www.santacroceweb.com\/giornale1\/wp-content\/uploads\/2020\/09\/1-3-150x150.jpg\" \/><\/a>\n\t\t\t<\/div><\/figure><figure class='gallery-item'>\n\t\t\t<div class='gallery-icon landscape'>\n\t\t\t\t<a href='https:\/\/www.santacroceweb.com\/index.php\/2020\/09\/20\/una-piazzetta-per-camilleri-punta-secca-rende-omaggio-al-maestro\/2-288\/'><img decoding=\"async\" width=\"150\" height=\"150\" src=\"https:\/\/www.santacroceweb.com\/giornale1\/wp-content\/uploads\/2020\/09\/2-1.jpg\" class=\"attachment-thumbnail size-thumbnail jl-lazyload lazyload\" alt=\"\" data-src=\"https:\/\/www.santacroceweb.com\/giornale1\/wp-content\/uploads\/2020\/09\/2-1-150x150.jpg\" \/><\/a>\n\t\t\t<\/div><\/figure><figure class='gallery-item'>\n\t\t\t<div class='gallery-icon landscape'>\n\t\t\t\t<a href='https:\/\/www.santacroceweb.com\/index.php\/2020\/09\/20\/una-piazzetta-per-camilleri-punta-secca-rende-omaggio-al-maestro\/3-219\/'><img decoding=\"async\" width=\"150\" height=\"150\" src=\"https:\/\/www.santacroceweb.com\/giornale1\/wp-content\/uploads\/2020\/09\/3-1.jpg\" class=\"attachment-thumbnail size-thumbnail jl-lazyload lazyload\" alt=\"\" data-src=\"https:\/\/www.santacroceweb.com\/giornale1\/wp-content\/uploads\/2020\/09\/3-1-150x150.jpg\" \/><\/a>\n\t\t\t<\/div><\/figure><figure class='gallery-item'>\n\t\t\t<div class='gallery-icon landscape'>\n\t\t\t\t<a href='https:\/\/www.santacroceweb.com\/index.php\/2020\/09\/20\/una-piazzetta-per-camilleri-punta-secca-rende-omaggio-al-maestro\/4-165\/'><img loading=\"lazy\" decoding=\"async\" width=\"150\" height=\"150\" src=\"https:\/\/www.santacroceweb.com\/giornale1\/wp-content\/uploads\/2020\/09\/4-1.jpg\" class=\"attachment-thumbnail size-thumbnail jl-lazyload lazyload\" alt=\"\" data-src=\"https:\/\/www.santacroceweb.com\/giornale1\/wp-content\/uploads\/2020\/09\/4-1-150x150.jpg\" \/><\/a>\n\t\t\t<\/div><\/figure><figure class='gallery-item'>\n\t\t\t<div class='gallery-icon landscape'>\n\t\t\t\t<a href='https:\/\/www.santacroceweb.com\/index.php\/2020\/09\/20\/una-piazzetta-per-camilleri-punta-secca-rende-omaggio-al-maestro\/5-132\/'><img loading=\"lazy\" decoding=\"async\" width=\"150\" height=\"150\" src=\"https:\/\/www.santacroceweb.com\/giornale1\/wp-content\/uploads\/2020\/09\/5-1.jpg\" class=\"attachment-thumbnail size-thumbnail jl-lazyload lazyload\" alt=\"\" data-src=\"https:\/\/www.santacroceweb.com\/giornale1\/wp-content\/uploads\/2020\/09\/5-1-150x150.jpg\" \/><\/a>\n\t\t\t<\/div><\/figure><figure class='gallery-item'>\n\t\t\t<div class='gallery-icon landscape'>\n\t\t\t\t<a href='https:\/\/www.santacroceweb.com\/index.php\/2020\/09\/20\/una-piazzetta-per-camilleri-punta-secca-rende-omaggio-al-maestro\/6-110\/'><img loading=\"lazy\" decoding=\"async\" width=\"150\" height=\"150\" src=\"https:\/\/www.santacroceweb.com\/giornale1\/wp-content\/uploads\/2020\/09\/6-1.jpg\" class=\"attachment-thumbnail size-thumbnail jl-lazyload lazyload\" alt=\"\" data-src=\"https:\/\/www.santacroceweb.com\/giornale1\/wp-content\/uploads\/2020\/09\/6-1-150x150.jpg\" \/><\/a>\n\t\t\t<\/div><\/figure>\n\t\t<\/div>\n\n","protected":false},"excerpt":{"rendered":"<p>\u00c8 stata intitolata al maestro Andrea Camilleri, nominato nel 2003 Grande ufficiale al Merito della Repubblica, la piazzetta di fronte alla casa Montalbano a Punta Secca. Proprio questo riconoscimento ha consentito di agire in deroga alla norma che vuole l\u2019intitolazione di strade o piazze a persone decedute da almeno dieci anni. L&#8217;iter iniziato circa un [&hellip;]<\/p>\n","protected":false},"author":34,"featured_media":72054,"comment_status":"closed","ping_status":"open","sticky":false,"template":"","format":"gallery","meta":{"footnotes":""},"categories":[8,11],"tags":[167,379,143],"class_list":["post-72050","post","type-post","status-publish","format-gallery","has-post-thumbnail","hentry","category-attualita","category-primopiano","tag-andrea-camilleri","tag-commissario-montalbano","tag-punta-secca","post_format-post-format-gallery"],"_links":{"self":[{"href":"https:\/\/www.santacroceweb.com\/index.php\/wp-json\/wp\/v2\/posts\/72050","targetHints":{"allow":["GET"]}}],"collection":[{"href":"https:\/\/www.santacroceweb.com\/index.php\/wp-json\/wp\/v2\/posts"}],"about":[{"href":"https:\/\/www.santacroceweb.com\/index.php\/wp-json\/wp\/v2\/types\/post"}],"author":[{"embeddable":true,"href":"https:\/\/www.santacroceweb.com\/index.php\/wp-json\/wp\/v2\/users\/34"}],"replies":[{"embeddable":true,"href":"https:\/\/www.santacroceweb.com\/index.php\/wp-json\/wp\/v2\/comments?post=72050"}],"version-history":[{"count":0,"href":"https:\/\/www.santacroceweb.com\/index.php\/wp-json\/wp\/v2\/posts\/72050\/revisions"}],"wp:featuredmedia":[{"embeddable":true,"href":"https:\/\/www.santacroceweb.com\/index.php\/wp-json\/wp\/v2\/media\/72054"}],"wp:attachment":[{"href":"https:\/\/www.santacroceweb.com\/index.php\/wp-json\/wp\/v2\/media?parent=72050"}],"wp:term":[{"taxonomy":"category","embeddable":true,"href":"https:\/\/www.santacroceweb.com\/index.php\/wp-json\/wp\/v2\/categories?post=72050"},{"taxonomy":"post_tag","embeddable":true,"href":"https:\/\/www.santacroceweb.com\/index.php\/wp-json\/wp\/v2\/tags?post=72050"}],"curies":[{"name":"wp","href":"https:\/\/api.w.org\/{rel}","templated":true}]}}