{"id":72153,"date":"2020-09-25T14:49:34","date_gmt":"2020-09-25T12:49:34","guid":{"rendered":"http:\/\/www.santacroceweb.com\/?p=72153"},"modified":"2020-09-25T14:49:34","modified_gmt":"2020-09-25T12:49:34","slug":"il-pd-difende-la-sua-opposizione-i-grillini-si-svegliano-solo-adesso","status":"publish","type":"post","link":"https:\/\/www.santacroceweb.com\/index.php\/2020\/09\/25\/il-pd-difende-la-sua-opposizione-i-grillini-si-svegliano-solo-adesso\/","title":{"rendered":"Il Pd difende la sua (op)posizione: &#8220;I grillini si svegliano solo adesso?&#8221;"},"content":{"rendered":"<p style=\"text-align: justify;\"><strong>&#8220;Le ultime elezioni regionali dello scorso 20 e 21 settembre<\/strong> non hanno evidentemente insegnato niente ad alcune (per fortuna solo alcune) frange del M5S. Non hanno per esempio capito che un conto \u00e8 gridare ed organizzare i \u201cvaffa day\u201d, altro \u00e8 occuparsi della cosa pubblica sia dalla parte di chi amministra sia dalla parte dell\u2019opposizione&#8221;. Lo scrive, in una nota, il Partito Democratico di Santa Croce in risposta al M5s, che aveva contestato <span style=\"text-decoration: underline;\"><a href=\"https:\/\/www.santacroceweb.com\/index.php\/2020\/09\/25\/il-m5s-chiede-nuove-elezioni-perche-il-pd-non-ha-inchiodato-barone\/\" target=\"_blank\" rel=\"noopener noreferrer\">la mancata presa di posizione dei &#8220;dem&#8221;<\/a><\/span> rispetto all&#8217;operato del sindaco Barone.<\/p>\n<p style=\"text-align: justify;\"><strong>&#8220;A Santa Croce &#8211; prosegue il comunicato &#8211;<\/strong> il Partito Democratico \u00e8 chiaramente all\u2019opposizione e nessuno lo pu\u00f2 mettere in dubbio: gli attacchi, giusti, a questa amministrazione sono giornalieri, circostanziati, precisi ed incalzanti. Non facciamo sconti su niente ed a nessuna delle forze politiche che sono state e sono complici di questa brutta amministrazione. Le maggioranze variabili, gli assessori nominati e cacciati a seconda della loro propensione ad assecondare il sindaco, non ci appartengono e non ci interessano. Fa piacere che in paese, dietro il simbolo del M5S, ci sia qualcuno anche se finora se ne \u00e8 stato a guardare silente sia le pagliacciate che succedevano al comune, sia i tantissimi problemi del paese. Mutismo e rassegnazione, verrebbe da dire&#8221;.<\/p>\n<p style=\"text-align: justify;\"><strong>&#8220;Continuare a travisare questa verit\u00e0 e realt\u00e0<\/strong> non far\u00e0 bene al M5S e non sar\u00e0 produttivo neanche continuare a fare i solitari belli e puri perch\u00e9 i segnali che vengono, ripetiamo, dalle ultime elezioni sono fin troppo eloquenti. Per li Partito Democratico la linea \u00e8 tracciata, chi vuole vincere le elezioni si organizza per una alleanza programmatica e politica, chi vorr\u00e0 suicidarsi (politicamente) navigher\u00e0 in solitaria&#8221;.<\/p>\n","protected":false},"excerpt":{"rendered":"<p>&#8220;Le ultime elezioni regionali dello scorso 20 e 21 settembre non hanno evidentemente insegnato niente ad alcune (per fortuna solo alcune) frange del M5S. Non hanno per esempio capito che un conto \u00e8 gridare ed organizzare i \u201cvaffa day\u201d, altro \u00e8 occuparsi della cosa pubblica sia dalla parte di chi amministra sia dalla parte dell\u2019opposizione&#8221;. [&hellip;]<\/p>\n","protected":false},"author":34,"featured_media":70898,"comment_status":"closed","ping_status":"open","sticky":false,"template":"","format":"standard","meta":{"footnotes":""},"categories":[4],"tags":[401,147,139],"class_list":["post-72153","post","type-post","status-publish","format-standard","has-post-thumbnail","hentry","category-politica","tag-movimento-5-stelle","tag-partito-democratico","tag-santa-croce-camerina"],"_links":{"self":[{"href":"https:\/\/www.santacroceweb.com\/index.php\/wp-json\/wp\/v2\/posts\/72153","targetHints":{"allow":["GET"]}}],"collection":[{"href":"https:\/\/www.santacroceweb.com\/index.php\/wp-json\/wp\/v2\/posts"}],"about":[{"href":"https:\/\/www.santacroceweb.com\/index.php\/wp-json\/wp\/v2\/types\/post"}],"author":[{"embeddable":true,"href":"https:\/\/www.santacroceweb.com\/index.php\/wp-json\/wp\/v2\/users\/34"}],"replies":[{"embeddable":true,"href":"https:\/\/www.santacroceweb.com\/index.php\/wp-json\/wp\/v2\/comments?post=72153"}],"version-history":[{"count":0,"href":"https:\/\/www.santacroceweb.com\/index.php\/wp-json\/wp\/v2\/posts\/72153\/revisions"}],"wp:featuredmedia":[{"embeddable":true,"href":"https:\/\/www.santacroceweb.com\/index.php\/wp-json\/wp\/v2\/media\/70898"}],"wp:attachment":[{"href":"https:\/\/www.santacroceweb.com\/index.php\/wp-json\/wp\/v2\/media?parent=72153"}],"wp:term":[{"taxonomy":"category","embeddable":true,"href":"https:\/\/www.santacroceweb.com\/index.php\/wp-json\/wp\/v2\/categories?post=72153"},{"taxonomy":"post_tag","embeddable":true,"href":"https:\/\/www.santacroceweb.com\/index.php\/wp-json\/wp\/v2\/tags?post=72153"}],"curies":[{"name":"wp","href":"https:\/\/api.w.org\/{rel}","templated":true}]}}