{"id":7280,"date":"2013-08-08T10:41:07","date_gmt":"2013-08-08T08:41:07","guid":{"rendered":"http:\/\/www.santacroceweb.com\/giornale1\/?p=7280"},"modified":"2013-08-08T10:43:36","modified_gmt":"2013-08-08T08:43:36","slug":"7280","status":"publish","type":"post","link":"https:\/\/www.santacroceweb.com\/index.php\/2013\/08\/08\/7280\/","title":{"rendered":"All\u00f9 tira fuori la storia dell&#8217;ex caserma di Punta Secca: &#8220;La abbatteremo in quattro anni&#8221;"},"content":{"rendered":"<div style=\"text-align: justify;\">Il destino dell&#8217;ex caserma della Guardia di Finanza di Punta Secca torna al centro del dibattito politico. La struttura, fatiscente e in disuso da anni, rovina in modo irreparabile l&#8217;immagine della borgata a mare. Negli ultimi anni l&#8217;abbattimento \u00e8 stato reso impossibile dal fatto che il rudere non \u00e8 di propriet\u00e0 del Comune ma del Demanio e di conseguenza della regione Sicilia. Varie iniziative portate avanti dall&#8217;ex amministrazione Schembari &#8211; come un piano particolareggiato che ne prevedeva la demolizione &#8211; sono state sonoramente bocciate. Nel corso della terza puntata di &#8220;Microfono Aperto&#8221;, per\u00f2 il nuovo assessore all&#8217;Ambiente Giansalvo All\u00f9 ha ritirato l&#8217;argomento fuori dal cassetto: &#8220;Abbatteremo l&#8217;ex caserma entro la fine della legislatura&#8221;. Quindi entro quattro anni: &#8220;Non metteremo in campo progetti disparati come la vecchia Amministrazione &#8211; ha proseguito l&#8217;assessore -. In quel sito sorger\u00e0 un belvedere e destineremo alcune parti dell&#8217;area ai servizi. Inoltre, l&#8217;estate prossima partir\u00e0 la raccolta differenziata anche nelle frazioni a mare&#8221;. Una presa di posizione cos\u00ec rapida ha colto di sorpresa il consigliere d&#8217;opposizione Luca Agnello (&#8216;Noi ci crediamo&#8217;): &#8220;Aspettare quattro anni per l&#8217;abbattimento ci pare eccessivo e, in ogni caso, farlo senza un progetto chiaro e la condivisione dei cittadini non \u00e8 una buona idea. Sembra ancora una volta un&#8217;azione politica di casta, che vuole accontentare solo alcuni. Per questo non ci trova d&#8217;accordo. Ci batteremo con forza affinch\u00e9 questa decisione possa essere condivisa da tutti&#8221;.<\/div>\n<div style=\"text-align: justify;\"><\/div>\n<div style=\"text-align: right;\"><strong>Redazione<\/strong><\/div>\n","protected":false},"excerpt":{"rendered":"<p>Il destino dell&#8217;ex caserma della Guardia di Finanza di Punta Secca torna al centro del dibattito politico. La struttura, fatiscente e in disuso da anni, rovina in modo irreparabile l&#8217;immagine della borgata a mare. Negli ultimi anni l&#8217;abbattimento \u00e8 stato reso impossibile dal fatto che il rudere non \u00e8 di propriet\u00e0 del Comune ma del [&hellip;]<\/p>\n","protected":false},"author":34,"featured_media":7283,"comment_status":"open","ping_status":"open","sticky":false,"template":"","format":"standard","meta":{"footnotes":""},"categories":[8,1,11],"tags":[],"class_list":["post-7280","post","type-post","status-publish","format-standard","has-post-thumbnail","hentry","category-attualita","category-news","category-primopiano"],"_links":{"self":[{"href":"https:\/\/www.santacroceweb.com\/index.php\/wp-json\/wp\/v2\/posts\/7280","targetHints":{"allow":["GET"]}}],"collection":[{"href":"https:\/\/www.santacroceweb.com\/index.php\/wp-json\/wp\/v2\/posts"}],"about":[{"href":"https:\/\/www.santacroceweb.com\/index.php\/wp-json\/wp\/v2\/types\/post"}],"author":[{"embeddable":true,"href":"https:\/\/www.santacroceweb.com\/index.php\/wp-json\/wp\/v2\/users\/34"}],"replies":[{"embeddable":true,"href":"https:\/\/www.santacroceweb.com\/index.php\/wp-json\/wp\/v2\/comments?post=7280"}],"version-history":[{"count":0,"href":"https:\/\/www.santacroceweb.com\/index.php\/wp-json\/wp\/v2\/posts\/7280\/revisions"}],"wp:featuredmedia":[{"embeddable":true,"href":"https:\/\/www.santacroceweb.com\/index.php\/wp-json\/wp\/v2\/media\/7283"}],"wp:attachment":[{"href":"https:\/\/www.santacroceweb.com\/index.php\/wp-json\/wp\/v2\/media?parent=7280"}],"wp:term":[{"taxonomy":"category","embeddable":true,"href":"https:\/\/www.santacroceweb.com\/index.php\/wp-json\/wp\/v2\/categories?post=7280"},{"taxonomy":"post_tag","embeddable":true,"href":"https:\/\/www.santacroceweb.com\/index.php\/wp-json\/wp\/v2\/tags?post=7280"}],"curies":[{"name":"wp","href":"https:\/\/api.w.org\/{rel}","templated":true}]}}