{"id":73057,"date":"2021-01-15T13:00:21","date_gmt":"2021-01-15T12:00:21","guid":{"rendered":"http:\/\/www.santacroceweb.com\/?p=73057"},"modified":"2021-01-15T15:01:23","modified_gmt":"2021-01-15T14:01:23","slug":"la-cna-una-pista-ciclo-pedonale-da-punta-secca-a-punta-braccetto","status":"publish","type":"post","link":"https:\/\/www.santacroceweb.com\/index.php\/2021\/01\/15\/la-cna-una-pista-ciclo-pedonale-da-punta-secca-a-punta-braccetto\/","title":{"rendered":"La Cna: &#8220;Una pista ciclo-pedonale da Punta Secca a Punta Braccetto&#8221;"},"content":{"rendered":"<p style=\"text-align: justify;\"><strong>\u201cRingraziamo il Sig. Sindaco e tutta l&#8217;amministrazione<\/strong> per averci dato <span style=\"text-decoration: underline;\"><a href=\"https:\/\/www.santacroceweb.com\/index.php\/2021\/01\/14\/bilancio-di-previsione-incontro-con-le-parti-sociali-presente-la-cna\/\" target=\"_blank\" rel=\"noopener noreferrer\">l&#8217;opportunit\u00e0 di presentare delle proposte<\/a><\/span> che possono essere valutate e inserite nel bilancio di previsione del 2021\u201d. Cos\u00ec, in una nota, i responsabili della Cna di Santa Croce Camerina, Carmelo Basile e Alessandro Di Martino, oltre al responsabile della sezione Commercio e Turismo, Alessandro Renda. Tra le proposte che \u201criguardano l\u2019ottimizzazione dei servizi per il miglioramento dell\u2019accoglienza turistica, e non solo, del nostro territorio Comunale\u201d, c\u2019\u00e8 la \u201ccreazione di pensiline d\u2019attesa da posizionare in tutte le fermate degli autobus urbani ed extraurbani lungo la nostra costa che dovranno essere corredate di adeguate indicazioni ed informazioni multilingua su operatori, destinazioni, orari e corse stagionali\u201d. Previsto, inoltre, il \u201cposizionamento, in punti strategici, di pannelli pubblicitari aggiornabili, con i quali rendere note informazioni (eventi o news) utili agli utenti. Inoltre \u2013 spiega la Cna &#8211; il Comune potrebbe recuperare degli introiti a seguito della concessione ad attivit\u00e0 commerciali e strutture ricettive interessate a sponsorizzare la propria attivit\u00e0 sugli stessi\u201d.<\/p>\n<p style=\"text-align: justify;\"><strong>La confederazione degli artigiani e delle imprese<\/strong>, inoltre, chiede la \u201cpianificazione di una adeguata segnaletica stradale con informazioni turistiche e non ultimo il gi\u00e0 noto messaggio di benvenuto ed arrivederci da installare all\u2019Ingresso\/Uscita del nostro territorio comunale\u201d; ma anche di \u201cbandire un concorso di idee per la riqualificazione del tratto di pista ciclopedonale gi\u00e0 esistente da Marina di Ragusa a Punta Secca e progettare il collegamento da Punta Secca a Punta Braccetto in modo da poter essere pronti alla realizzazione della stessa con uno dei tanti finanziamenti che potrebbero arrivare dai vari enti Regionali, Statali o Europei\u201d. \u201cRingraziamo tutti se una o pi\u00f9 proposte verr\u00e0 presa in considerazione e realizzata per la crescita e la visibilit\u00e0 di una delle zone pi\u00f9 belle ed apprezzate della nostra Sicilia \u2013 conclude la lettera della Cna -. Nel confermare la nostra disponibilit\u00e0, rimaniamo in attesa di riscontro ed ancor pi\u00f9 apprezzato momento di confronto per potere meglio dettagliare le nostre proposte\u201d.<\/p>\n","protected":false},"excerpt":{"rendered":"<p>\u201cRingraziamo il Sig. Sindaco e tutta l&#8217;amministrazione per averci dato l&#8217;opportunit\u00e0 di presentare delle proposte che possono essere valutate e inserite nel bilancio di previsione del 2021\u201d. Cos\u00ec, in una nota, i responsabili della Cna di Santa Croce Camerina, Carmelo Basile e Alessandro Di Martino, oltre al responsabile della sezione Commercio e Turismo, Alessandro Renda. [&hellip;]<\/p>\n","protected":false},"author":34,"featured_media":70861,"comment_status":"closed","ping_status":"open","sticky":false,"template":"","format":"standard","meta":{"footnotes":""},"categories":[8],"tags":[582,260,584,583,139],"class_list":["post-73057","post","type-post","status-publish","format-standard","has-post-thumbnail","hentry","category-attualita","tag-alessandro-renda","tag-bilancio-di-previsione","tag-carmelo-basile","tag-cna","tag-santa-croce-camerina"],"_links":{"self":[{"href":"https:\/\/www.santacroceweb.com\/index.php\/wp-json\/wp\/v2\/posts\/73057","targetHints":{"allow":["GET"]}}],"collection":[{"href":"https:\/\/www.santacroceweb.com\/index.php\/wp-json\/wp\/v2\/posts"}],"about":[{"href":"https:\/\/www.santacroceweb.com\/index.php\/wp-json\/wp\/v2\/types\/post"}],"author":[{"embeddable":true,"href":"https:\/\/www.santacroceweb.com\/index.php\/wp-json\/wp\/v2\/users\/34"}],"replies":[{"embeddable":true,"href":"https:\/\/www.santacroceweb.com\/index.php\/wp-json\/wp\/v2\/comments?post=73057"}],"version-history":[{"count":0,"href":"https:\/\/www.santacroceweb.com\/index.php\/wp-json\/wp\/v2\/posts\/73057\/revisions"}],"wp:featuredmedia":[{"embeddable":true,"href":"https:\/\/www.santacroceweb.com\/index.php\/wp-json\/wp\/v2\/media\/70861"}],"wp:attachment":[{"href":"https:\/\/www.santacroceweb.com\/index.php\/wp-json\/wp\/v2\/media?parent=73057"}],"wp:term":[{"taxonomy":"category","embeddable":true,"href":"https:\/\/www.santacroceweb.com\/index.php\/wp-json\/wp\/v2\/categories?post=73057"},{"taxonomy":"post_tag","embeddable":true,"href":"https:\/\/www.santacroceweb.com\/index.php\/wp-json\/wp\/v2\/tags?post=73057"}],"curies":[{"name":"wp","href":"https:\/\/api.w.org\/{rel}","templated":true}]}}