{"id":73143,"date":"2021-01-29T20:40:44","date_gmt":"2021-01-29T19:40:44","guid":{"rendered":"http:\/\/www.santacroceweb.com\/?p=73143"},"modified":"2021-01-29T20:46:22","modified_gmt":"2021-01-29T19:46:22","slug":"la-macchina-dei-controlli-entra-a-regime-con-la-polizia-municipale","status":"publish","type":"post","link":"https:\/\/www.santacroceweb.com\/index.php\/2021\/01\/29\/la-macchina-dei-controlli-entra-a-regime-con-la-polizia-municipale\/","title":{"rendered":"La macchina dei controlli entra a regime con la polizia municipale"},"content":{"rendered":"<p style=\"text-align: justify;\"><strong>Da qualche giorno, a Santa Croce Camerina<\/strong>, continua l\u2019attivit\u00e0 incessante della Polizia Municipale. Controllate diverse decine di automobilisti e punti della citt\u00e0 particolarmente dediti ad assembramenti e traffici illeciti, in particolare piazza Vittorio Emanuele II, ma anche via Caucana e piazza degli Studi. Intensificati i controlli anche nel piazzale della Solidariet\u00e0 e nei mercatini del gioved\u00ec e del venerd\u00ec, con l&#8217;apporto della Polizia di Stato, per assicurare un efficace controllo del territorio, finalizzato alla prevenzione e alla repressione dei reati, nonch\u00e9 alla verifica delle stringenti misure anti covid-19 disposte per il contenimento della diffusione del coronavirus.<\/p>\n","protected":false},"excerpt":{"rendered":"<p>Da qualche giorno, a Santa Croce Camerina, continua l\u2019attivit\u00e0 incessante della Polizia Municipale. Controllate diverse decine di automobilisti e punti della citt\u00e0 particolarmente dediti ad assembramenti e traffici illeciti, in particolare piazza Vittorio Emanuele II, ma anche via Caucana e piazza degli Studi. Intensificati i controlli anche nel piazzale della Solidariet\u00e0 e nei mercatini del [&hellip;]<\/p>\n","protected":false},"author":26,"featured_media":73144,"comment_status":"closed","ping_status":"open","sticky":false,"template":"","format":"standard","meta":{"footnotes":""},"categories":[7,11],"tags":[602,183,186,393,139],"class_list":["post-73143","post","type-post","status-publish","format-standard","has-post-thumbnail","hentry","category-cronaca","category-primopiano","tag-controlli","tag-coronavirus","tag-polizia-di-stato","tag-polizia-municipale","tag-santa-croce-camerina"],"_links":{"self":[{"href":"https:\/\/www.santacroceweb.com\/index.php\/wp-json\/wp\/v2\/posts\/73143","targetHints":{"allow":["GET"]}}],"collection":[{"href":"https:\/\/www.santacroceweb.com\/index.php\/wp-json\/wp\/v2\/posts"}],"about":[{"href":"https:\/\/www.santacroceweb.com\/index.php\/wp-json\/wp\/v2\/types\/post"}],"author":[{"embeddable":true,"href":"https:\/\/www.santacroceweb.com\/index.php\/wp-json\/wp\/v2\/users\/26"}],"replies":[{"embeddable":true,"href":"https:\/\/www.santacroceweb.com\/index.php\/wp-json\/wp\/v2\/comments?post=73143"}],"version-history":[{"count":0,"href":"https:\/\/www.santacroceweb.com\/index.php\/wp-json\/wp\/v2\/posts\/73143\/revisions"}],"wp:featuredmedia":[{"embeddable":true,"href":"https:\/\/www.santacroceweb.com\/index.php\/wp-json\/wp\/v2\/media\/73144"}],"wp:attachment":[{"href":"https:\/\/www.santacroceweb.com\/index.php\/wp-json\/wp\/v2\/media?parent=73143"}],"wp:term":[{"taxonomy":"category","embeddable":true,"href":"https:\/\/www.santacroceweb.com\/index.php\/wp-json\/wp\/v2\/categories?post=73143"},{"taxonomy":"post_tag","embeddable":true,"href":"https:\/\/www.santacroceweb.com\/index.php\/wp-json\/wp\/v2\/tags?post=73143"}],"curies":[{"name":"wp","href":"https:\/\/api.w.org\/{rel}","templated":true}]}}