{"id":73212,"date":"2021-02-11T09:34:29","date_gmt":"2021-02-11T08:34:29","guid":{"rendered":"http:\/\/www.santacroceweb.com\/?p=73212"},"modified":"2021-02-11T09:34:29","modified_gmt":"2021-02-11T08:34:29","slug":"modica-santa-croce-saltano-le-corse-dellast-non-ci-sono-autisti","status":"publish","type":"post","link":"https:\/\/www.santacroceweb.com\/index.php\/2021\/02\/11\/modica-santa-croce-saltano-le-corse-dellast-non-ci-sono-autisti\/","title":{"rendered":"Modica-Santa Croce, saltano le corse dell&#8217;Ast: &#8220;Non ci sono autisti&#8221;"},"content":{"rendered":"<p style=\"text-align: justify;\"><strong>Gli studenti, i pendolari e tutti coloro<\/strong> che da Santa Croce Camerina viaggiano alla volta di Modica da qualche giorno sono alle prese con un problema molto serio: la sospensione del servizio pomeridiano da parte dell&#8217;AST, con particolare riferimento alle corse delle ore 16 e delle ore 17 Modica \u2013 Santa Croce. La vicesindaca Giulia Virginia Santodonato, espressione di Forza Italia e sempre molto attenta e sensibile ai disagi della cittadinanza, si \u00e8 fatta carico dell&#8217;emergenza e se n&#8217;\u00e8 fatta portavoce con il commissario provinciale del partito, Giancarlo Cugnata, che ha immediatamente portato il problema all&#8217;attenzione dell&#8217;assessore regionale ai trasporti, Marco Falcone.<\/p>\n<figure id=\"attachment_70243\" aria-describedby=\"caption-attachment-70243\" style=\"width: 300px\" class=\"wp-caption alignright\"><img fetchpriority=\"high\" decoding=\"async\" class=\"wp-image-70243 size-medium lazyload\" src=\"data:image\/gif;base64,R0lGODlhAQABAAAAACH5BAEKAAEALAAAAAABAAEAAAICTAEAOw==\" data-src=\"https:\/\/www.santacroceweb.com\/giornale1\/wp-content\/uploads\/2020\/05\/Cugnata-Santodonato-e1589562445559-300x175.jpg\" alt=\"\" width=\"300\" height=\"175\" data-sizes=\"auto\" data-srcset=\"https:\/\/www.santacroceweb.com\/giornale1\/wp-content\/uploads\/2020\/05\/Cugnata-Santodonato-e1589562445559-300x175.jpg 300w, https:\/\/www.santacroceweb.com\/giornale1\/wp-content\/uploads\/2020\/05\/Cugnata-Santodonato-e1589562445559-357x210.jpg 357w, https:\/\/www.santacroceweb.com\/giornale1\/wp-content\/uploads\/2020\/05\/Cugnata-Santodonato-e1589562445559-368x216.jpg 368w, https:\/\/www.santacroceweb.com\/giornale1\/wp-content\/uploads\/2020\/05\/Cugnata-Santodonato-e1589562445559.jpg 371w\" sizes=\"(max-width: 300px) 100vw, 300px\" \/><figcaption id=\"caption-attachment-70243\" class=\"wp-caption-text\">Cugnata e Santodonato<\/figcaption><\/figure>\n<p style=\"text-align: justify;\"><strong>\u201cDopo aver ricevuto la segnalazione<\/strong> della vicesindaca, &#8211; afferma Cugnata &#8211; sono stato ricevuto dall&#8217;assessore Falcone al quale ho illustrato problema e che si \u00e8 attivato pochi minuti dopo chiamando il direttore generale dell&#8217;AST, Ugo Fiduccia, per capire quale fosse il problema e come risolverlo nel minor tempo possibile. Ci \u00e8 stato spiegato che si \u00e8 registrato qualche ritardo nell&#8217;assunzione degli autisti, ma che sar\u00e0 tutto risolto nell&#8217;arco di poche settimane, quindi il servizio sar\u00e0 riorganizzato e ripristinato. Avevamo preso a cuore il problema, e il fatto che l&#8217;assessore Falcone in persona se ne sia interessato e ci abbia fornito ampie rassicurazioni \u00e8 la dimostrazione di come, operando in sinergia, la politica riesca a far arrivare le istanze dei comuni direttamente nelle giuste sedi istituzionali in cui possono essere risolte. Dispiace solo che il problema si presenti proprio nel momento in cui, finalmente, gli studenti delle superiori sono tornati a scuola, ma la buona notizia \u00e8 che si sta gi\u00e0 risolvendo tutto, \u00e8 solo questione di giorni\u201d.<\/p>\n","protected":false},"excerpt":{"rendered":"<p>Gli studenti, i pendolari e tutti coloro che da Santa Croce Camerina viaggiano alla volta di Modica da qualche giorno sono alle prese con un problema molto serio: la sospensione del servizio pomeridiano da parte dell&#8217;AST, con particolare riferimento alle corse delle ore 16 e delle ore 17 Modica \u2013 Santa Croce. La vicesindaca Giulia [&hellip;]<\/p>\n","protected":false},"author":34,"featured_media":73227,"comment_status":"closed","ping_status":"open","sticky":false,"template":"","format":"standard","meta":{"footnotes":""},"categories":[8],"tags":[238,254,239],"class_list":["post-73212","post","type-post","status-publish","format-standard","has-post-thumbnail","hentry","category-attualita","tag-forza-italia","tag-giancarlo-cugnata","tag-giulia-santodonato"],"_links":{"self":[{"href":"https:\/\/www.santacroceweb.com\/index.php\/wp-json\/wp\/v2\/posts\/73212","targetHints":{"allow":["GET"]}}],"collection":[{"href":"https:\/\/www.santacroceweb.com\/index.php\/wp-json\/wp\/v2\/posts"}],"about":[{"href":"https:\/\/www.santacroceweb.com\/index.php\/wp-json\/wp\/v2\/types\/post"}],"author":[{"embeddable":true,"href":"https:\/\/www.santacroceweb.com\/index.php\/wp-json\/wp\/v2\/users\/34"}],"replies":[{"embeddable":true,"href":"https:\/\/www.santacroceweb.com\/index.php\/wp-json\/wp\/v2\/comments?post=73212"}],"version-history":[{"count":0,"href":"https:\/\/www.santacroceweb.com\/index.php\/wp-json\/wp\/v2\/posts\/73212\/revisions"}],"wp:featuredmedia":[{"embeddable":true,"href":"https:\/\/www.santacroceweb.com\/index.php\/wp-json\/wp\/v2\/media\/73227"}],"wp:attachment":[{"href":"https:\/\/www.santacroceweb.com\/index.php\/wp-json\/wp\/v2\/media?parent=73212"}],"wp:term":[{"taxonomy":"category","embeddable":true,"href":"https:\/\/www.santacroceweb.com\/index.php\/wp-json\/wp\/v2\/categories?post=73212"},{"taxonomy":"post_tag","embeddable":true,"href":"https:\/\/www.santacroceweb.com\/index.php\/wp-json\/wp\/v2\/tags?post=73212"}],"curies":[{"name":"wp","href":"https:\/\/api.w.org\/{rel}","templated":true}]}}