{"id":73265,"date":"2021-02-16T10:56:13","date_gmt":"2021-02-16T09:56:13","guid":{"rendered":"http:\/\/www.santacroceweb.com\/?p=73265"},"modified":"2021-02-16T11:00:07","modified_gmt":"2021-02-16T10:00:07","slug":"fazio-archivia-montalbano-e-finita-la-sua-vigata-si-riscopre-povera","status":"publish","type":"post","link":"https:\/\/www.santacroceweb.com\/index.php\/2021\/02\/16\/fazio-archivia-montalbano-e-finita-la-sua-vigata-si-riscopre-povera\/","title":{"rendered":"Fazio archivia Montalbano: &#8220;E&#8217; finita&#8221;. La sua Vigata si riscopre povera"},"content":{"rendered":"<p style=\"text-align: justify;\"><strong>Andrea Camilleri lo aveva detto:<\/strong> &#8220;Il commissario Montalbano finir\u00e0 con me&#8221;. Sono state profetiche le parole dello scrittore di Porto Empedocle, morto a 93 anni il 17 luglio 2019 a Roma. La saga letteraria che ha venduto 31 milioni di copie nel mondo si \u00e8 conclusa con l&#8217;ultimo libro &#8220;Riccardino&#8221;, scritto nel 2005, rimaneggiato nel 2016 e, su desiderio dell&#8217;autore, pubblicato postumo il 16 luglio 2020 da Sellerio. E allo stesso modo cala il sipario anche sulla fortunata fiction di Rai1 ispirata alle avventure del poliziotto interpretato da Luca Zingaretti: l&#8217;ultimo episodio, &#8216;Il metodo Catalanotti&#8217;, andr\u00e0 in onda luned\u00ec 8 marzo. Ad anticipare che \u00e8 arrivato il momento per Montalbano di congedarsi dai fan \u00e8 stato Peppino Mazzotta, alias ispettore Fazio, con una dichiarazione al settimanale &#8216;Gente&#8217;: &#8220;Il Montalbano televisivo \u00e8 concluso. Non credo si faranno altre puntate. Le notizie che abbiamo ricevuto finora dicono cos\u00ec&#8221;. E sono riconducibili all&#8217;anno nero della fiction: oltre a Camilleri, sono andati via il regista Alberto Sironi e lo scenografo Luciano Ricceri.<\/p>\n<p style=\"text-align: justify;\"><strong>Il de profundis della serie ha provocato sconforto<\/strong> nel Ragusano, culla del barocco considerato patrimonio dell&#8217;Unesco. Vigata si riscopre improvvisamente pi\u00f9 &#8220;povera&#8221;. L&#8217;avvento di Montalbano ha portato nel territorio un giro d&#8217;affari da 15 milioni l&#8217;anno e ha visto un&#8217;impennata di turisti stranieri, quasi raddoppiati nelle ultime due decadi. &#8220;E&#8217; impensabile ed oltremodo irriverente nei confronti della memoria del grande maestro Andrea Camilleri pensare di non non realizzare un&#8217;ultima e definitiva puntata della straordinaria serie televisiva, tratta dai suoi libri&#8221;, dice Corrado Bonfanti, sindaco di Noto, chiedendo che venga girata una puntata tratta da &#8220;Riccardino&#8221;, l&#8217;ultimo romanzo: &#8220;Il Val di Noto non pu\u00f2 assistere inerme a questa indecisione generale e deve farsi promotore e protagonista di questo grande atto d&#8217;amore per il maestro, per la Sicilia e per milioni di ammiratori ed estimatori di storie ed intrecci tutti siciliani che si sviluppano tra i nostri palazzi, le nostre vie e i nostri monumenti&#8221;, aggiunge. E si rivolge a &#8220;Luca Zingaretti e alla casa produttrice Palomar, dell&#8217;amico Carlo Degli Esposti, che devono trovare in noi amministratori del Sud Est tutta la disponibilit\u00e0 e l&#8217;entusiasmo per rendere possibile questo significativo e irrinunciabile gesto d&#8217;amore e di riconoscenza della nostra terra&#8221;.<\/p>\n","protected":false},"excerpt":{"rendered":"<p>Andrea Camilleri lo aveva detto: &#8220;Il commissario Montalbano finir\u00e0 con me&#8221;. Sono state profetiche le parole dello scrittore di Porto Empedocle, morto a 93 anni il 17 luglio 2019 a Roma. La saga letteraria che ha venduto 31 milioni di copie nel mondo si \u00e8 conclusa con l&#8217;ultimo libro &#8220;Riccardino&#8221;, scritto nel 2005, rimaneggiato nel [&hellip;]<\/p>\n","protected":false},"author":34,"featured_media":62429,"comment_status":"closed","ping_status":"open","sticky":false,"template":"","format":"standard","meta":{"footnotes":""},"categories":[6,11],"tags":[623,168,624,151,625],"class_list":["post-73265","post","type-post","status-publish","format-standard","has-post-thumbnail","hentry","category-culturaespettacolo","category-primopiano","tag-corrado-bonfanti","tag-il-commissario-montalbano","tag-noto","tag-ragusa","tag-vigata"],"_links":{"self":[{"href":"https:\/\/www.santacroceweb.com\/index.php\/wp-json\/wp\/v2\/posts\/73265","targetHints":{"allow":["GET"]}}],"collection":[{"href":"https:\/\/www.santacroceweb.com\/index.php\/wp-json\/wp\/v2\/posts"}],"about":[{"href":"https:\/\/www.santacroceweb.com\/index.php\/wp-json\/wp\/v2\/types\/post"}],"author":[{"embeddable":true,"href":"https:\/\/www.santacroceweb.com\/index.php\/wp-json\/wp\/v2\/users\/34"}],"replies":[{"embeddable":true,"href":"https:\/\/www.santacroceweb.com\/index.php\/wp-json\/wp\/v2\/comments?post=73265"}],"version-history":[{"count":0,"href":"https:\/\/www.santacroceweb.com\/index.php\/wp-json\/wp\/v2\/posts\/73265\/revisions"}],"wp:featuredmedia":[{"embeddable":true,"href":"https:\/\/www.santacroceweb.com\/index.php\/wp-json\/wp\/v2\/media\/62429"}],"wp:attachment":[{"href":"https:\/\/www.santacroceweb.com\/index.php\/wp-json\/wp\/v2\/media?parent=73265"}],"wp:term":[{"taxonomy":"category","embeddable":true,"href":"https:\/\/www.santacroceweb.com\/index.php\/wp-json\/wp\/v2\/categories?post=73265"},{"taxonomy":"post_tag","embeddable":true,"href":"https:\/\/www.santacroceweb.com\/index.php\/wp-json\/wp\/v2\/tags?post=73265"}],"curies":[{"name":"wp","href":"https:\/\/api.w.org\/{rel}","templated":true}]}}