{"id":73923,"date":"2021-05-15T16:39:11","date_gmt":"2021-05-15T14:39:11","guid":{"rendered":"http:\/\/www.santacroceweb.com\/?p=73923"},"modified":"2021-05-15T16:39:11","modified_gmt":"2021-05-15T14:39:11","slug":"scherma-carmelo-tribunale-nel-comitato-promotore-di-milano-2023","status":"publish","type":"post","link":"https:\/\/www.santacroceweb.com\/index.php\/2021\/05\/15\/scherma-carmelo-tribunale-nel-comitato-promotore-di-milano-2023\/","title":{"rendered":"Scherma: Carmelo Tribunale nel comitato promotore di &#8216;Milano 2023&#8217;"},"content":{"rendered":"<p style=\"text-align: justify;\"><strong>Il Vice Presidente di GSA<\/strong> (Giornalisti e Comunicatori Specializzati Associati), il santacrocese Carmelo Tribunale, \u00e8 tra i membri del Comitato Promotore per la candidatura di \u201cMilano2023\u201d, con cui il capoluogo lombardo si propone per ospitare i Campionati Mondiali di Scherma nel 2023. All\u2019incontro del 13 maggio scorso, data dell\u2019insediamento del Comitato, hanno partecipato il Presidente della Federscherma Paolo Azzi, insieme al Presidente Onorario Giorgio Scarso.<\/p>\n<p style=\"text-align: justify;\"><strong>Oltre che da Tribunale, il Comitato promotore<\/strong> risulta composto da Giovanna Pesci, Giuseppe Zalum, Franco Ascani e dall\u2019azzurro Marco Fichera che lo presiede. Il Comitato si propone di individuare le figure cui interfacciarsi e tutti gli elementi e gli artefici per redigere il progetto di organizzazione del Campionato del Mondo. Il Comitato, nella sua prima riunione di insediamento, ha gi\u00e0 definito le priorit\u00e0 di intervento e nei prossimi giorni avvier\u00e0 tutte le interlocuzioni ritenute necessarie allo scopo di coinvolgere ogni settore istituzionale e socio\/economico della Citt\u00e0, della Regione e del Paese.<\/p>\n","protected":false},"excerpt":{"rendered":"<p>Il Vice Presidente di GSA (Giornalisti e Comunicatori Specializzati Associati), il santacrocese Carmelo Tribunale, \u00e8 tra i membri del Comitato Promotore per la candidatura di \u201cMilano2023\u201d, con cui il capoluogo lombardo si propone per ospitare i Campionati Mondiali di Scherma nel 2023. All\u2019incontro del 13 maggio scorso, data dell\u2019insediamento del Comitato, hanno partecipato il Presidente [&hellip;]<\/p>\n","protected":false},"author":34,"featured_media":73924,"comment_status":"closed","ping_status":"open","sticky":false,"template":"","format":"standard","meta":{"footnotes":""},"categories":[3],"tags":[710,139,711],"class_list":["post-73923","post","type-post","status-publish","format-standard","has-post-thumbnail","hentry","category-sport","tag-carmelo-tribunale","tag-santa-croce-camerina","tag-scherma"],"_links":{"self":[{"href":"https:\/\/www.santacroceweb.com\/index.php\/wp-json\/wp\/v2\/posts\/73923","targetHints":{"allow":["GET"]}}],"collection":[{"href":"https:\/\/www.santacroceweb.com\/index.php\/wp-json\/wp\/v2\/posts"}],"about":[{"href":"https:\/\/www.santacroceweb.com\/index.php\/wp-json\/wp\/v2\/types\/post"}],"author":[{"embeddable":true,"href":"https:\/\/www.santacroceweb.com\/index.php\/wp-json\/wp\/v2\/users\/34"}],"replies":[{"embeddable":true,"href":"https:\/\/www.santacroceweb.com\/index.php\/wp-json\/wp\/v2\/comments?post=73923"}],"version-history":[{"count":0,"href":"https:\/\/www.santacroceweb.com\/index.php\/wp-json\/wp\/v2\/posts\/73923\/revisions"}],"wp:featuredmedia":[{"embeddable":true,"href":"https:\/\/www.santacroceweb.com\/index.php\/wp-json\/wp\/v2\/media\/73924"}],"wp:attachment":[{"href":"https:\/\/www.santacroceweb.com\/index.php\/wp-json\/wp\/v2\/media?parent=73923"}],"wp:term":[{"taxonomy":"category","embeddable":true,"href":"https:\/\/www.santacroceweb.com\/index.php\/wp-json\/wp\/v2\/categories?post=73923"},{"taxonomy":"post_tag","embeddable":true,"href":"https:\/\/www.santacroceweb.com\/index.php\/wp-json\/wp\/v2\/tags?post=73923"}],"curies":[{"name":"wp","href":"https:\/\/api.w.org\/{rel}","templated":true}]}}