{"id":74098,"date":"2021-06-12T15:05:26","date_gmt":"2021-06-12T13:05:26","guid":{"rendered":"http:\/\/www.santacroceweb.com\/?p=74098"},"modified":"2021-06-12T15:05:26","modified_gmt":"2021-06-12T13:05:26","slug":"sacro-cuore-di-gesu-benedetta-la-statua-donata-dalla-famiglia-falbo","status":"publish","type":"post","link":"https:\/\/www.santacroceweb.com\/index.php\/2021\/06\/12\/sacro-cuore-di-gesu-benedetta-la-statua-donata-dalla-famiglia-falbo\/","title":{"rendered":"Sacro Cuore di Ges\u00f9, benedetta la statua donata dalla famiglia Falbo"},"content":{"rendered":"<p style=\"text-align: justify;\"><strong>Ieri, dopo un anno in cui la pandemia ha cancellato importanti momenti di culto, <\/strong>se pur in forma ridotta, si \u00e8 tenuto il festeggiamento per la solennit\u00e0 del Sacro Cuore di Ges\u00f9. La celebrazione ha avuto luogo al cimitero comunale di Santa Croce Camerina. La commemorazione ha visto benedire la statua del Sacro Cuore di Ges\u00f9 donata dalla famiglia Falbo in memoria del defunto D&#8217;Angelo Giuseppe. Durante la cerimonia il parroco mons. Salvatore Puglisi, ha evidenziato l&#8217;importanza di ritornare a vivere una vita normale fatta di valori, ma anche in preghiera verso Dio. Il sindaco Giovanni Barone, l&#8217;architetto Gaudenzio Occhipinti e il geom. Filippo Barone hanno ringraziato la famiglia Falbo per la donazione e per aver messo in luce l&#8217;amore &#8220;del Salvatore per gli uomini di cui \u00e8 simbolo il suo cuore&#8221;.<\/p>\n","protected":false},"excerpt":{"rendered":"<p>Ieri, dopo un anno in cui la pandemia ha cancellato importanti momenti di culto, se pur in forma ridotta, si \u00e8 tenuto il festeggiamento per la solennit\u00e0 del Sacro Cuore di Ges\u00f9. La celebrazione ha avuto luogo al cimitero comunale di Santa Croce Camerina. La commemorazione ha visto benedire la statua del Sacro Cuore di [&hellip;]<\/p>\n","protected":false},"author":34,"featured_media":74099,"comment_status":"closed","ping_status":"open","sticky":false,"template":"","format":"standard","meta":{"footnotes":""},"categories":[8],"tags":[320,156,741,652],"class_list":["post-74098","post","type-post","status-publish","format-standard","has-post-thumbnail","hentry","category-attualita","tag-cimitero","tag-giovanni-barone","tag-sacro-cuore-di-gesu","tag-salvatore-puglisi"],"_links":{"self":[{"href":"https:\/\/www.santacroceweb.com\/index.php\/wp-json\/wp\/v2\/posts\/74098","targetHints":{"allow":["GET"]}}],"collection":[{"href":"https:\/\/www.santacroceweb.com\/index.php\/wp-json\/wp\/v2\/posts"}],"about":[{"href":"https:\/\/www.santacroceweb.com\/index.php\/wp-json\/wp\/v2\/types\/post"}],"author":[{"embeddable":true,"href":"https:\/\/www.santacroceweb.com\/index.php\/wp-json\/wp\/v2\/users\/34"}],"replies":[{"embeddable":true,"href":"https:\/\/www.santacroceweb.com\/index.php\/wp-json\/wp\/v2\/comments?post=74098"}],"version-history":[{"count":0,"href":"https:\/\/www.santacroceweb.com\/index.php\/wp-json\/wp\/v2\/posts\/74098\/revisions"}],"wp:featuredmedia":[{"embeddable":true,"href":"https:\/\/www.santacroceweb.com\/index.php\/wp-json\/wp\/v2\/media\/74099"}],"wp:attachment":[{"href":"https:\/\/www.santacroceweb.com\/index.php\/wp-json\/wp\/v2\/media?parent=74098"}],"wp:term":[{"taxonomy":"category","embeddable":true,"href":"https:\/\/www.santacroceweb.com\/index.php\/wp-json\/wp\/v2\/categories?post=74098"},{"taxonomy":"post_tag","embeddable":true,"href":"https:\/\/www.santacroceweb.com\/index.php\/wp-json\/wp\/v2\/tags?post=74098"}],"curies":[{"name":"wp","href":"https:\/\/api.w.org\/{rel}","templated":true}]}}