{"id":74238,"date":"2021-06-30T20:41:58","date_gmt":"2021-06-30T18:41:58","guid":{"rendered":"https:\/\/www.santacroceweb.com\/?p=74238"},"modified":"2021-06-30T21:40:24","modified_gmt":"2021-06-30T19:40:24","slug":"imu-risparmio-per-due-categorie-non-passa-lemendamento-del-pd","status":"publish","type":"post","link":"https:\/\/www.santacroceweb.com\/index.php\/2021\/06\/30\/imu-risparmio-per-due-categorie-non-passa-lemendamento-del-pd\/","title":{"rendered":"Imu, risparmio per due categorie. Non passa l&#8217;emendamento del Pd"},"content":{"rendered":"<p style=\"text-align: justify;\"><strong>Il secondo episodio del Consiglio comunale<\/strong>, ripreso <span style=\"text-decoration: underline;\"><a href=\"https:\/\/www.santacroceweb.com\/index.php\/2021\/06\/30\/consiglio-sara-il-comune-a-gestire-le-strisce-blu-poi-la-sospensione\/\" target=\"_blank\" rel=\"noopener\">dopo la sospensione di ieri<\/a><\/span>, \u00e8 foriero di discrete notizie per i possessori di fabbricati rurali e unit\u00e0 immobiliari ad uso produttivo (appartenenti al gruppo catastale B): sono le due categorie per i quali \u00e8 prevista la riduzione dell\u2019Imu. L\u2019emendamento dei consiglieri Galuppi e Mandar\u00e0 \u2013 che determiner\u00e0 un minor gettito fra 30 e 40 mila euro \u2013 \u00e8 stato approvato con 7 voti favorevoli e i 2 contrari di Cappello e Zisa, dopo aver incassato il parere favorevole del ragioniere generale, Bruno Busacca. Che aveva espresso il medesimo parere (\u201cstrettamente tecnico\u201d) per un altro emendamento, presentato dal Partito Democratico, che prevedeva l\u2019abolizione dell\u2019Imu sui terreni agricoli e la riduzione dell\u2019aliquote (dal 10,6 al 10 per mille) sulle seconde case. \u201cQuesto \u2013 ha segnalato Busacca \u2013 determinerebbe per\u00f2 un minor gettito fra 200 e 250 mila euro, con ripercussioni sulla gestione del Bilancio\u201d. La proposta \u00e8 stata bocciata.<\/p>\n<p style=\"text-align: justify;\"><strong>Il ragioniere capo, inoltre, ha contestato l\u2019uso<\/strong> dell\u2019aggettivo \u201cmisterioso\u201d da parte di Cappello in riferimento all\u2019ipotesi di dissesto che, nel corso dell\u2019ultimo Consiglio comunale, aveva portato <a href=\"https:\/\/www.santacroceweb.com\/index.php\/2021\/05\/15\/consiglio-comunale-approvata-la-revoca-delle-delibere-su-imu-e-irpef\/\" target=\"_blank\" rel=\"noopener\">alla revoca di una delibera precedentemente approvata dall\u2019aula<\/a>: \u201cNon c\u2019\u00e8 nulla di misterioso. La prospettiva del dissesto era reale\u201d, ha ribadito Busacca. Le aliquote relative all\u2019Imu, secondo quanto previsto dalla delibera di giunta originaria, rimangono immutate per tutte le categorie, ad eccezione dei terreni agricoli: si passa dal 4 al 2 per mille. Il punto 7), nella sua totalit\u00e0, ha incassato 6 voti favorevoli e un solo contrario, con l\u2019astensione di Zisa e Agnello.<\/p>\n<p style=\"text-align: justify;\"><strong>Ok dell\u2019aula anche alla conferma delle aliquote Irpef.<\/strong> Mentre il punto 9), relativo all\u2019assegnazione di aree per il commercio su suolo pubblico, \u00e8 stato ritirato dall\u2019Amministrazione comunale in attesa che venga redatto un regolamento che garantisca maggiore trasparenza nelle assegnazioni. Ok unanime alla cittadinanza onoraria per il Milite Ignote. Mentre, rispondendo a un\u2019interrogazione di Zisa e Cappello, il sindaco Barone ha chiarito che per la gestione del parco archeologico di Kaukana c\u2019\u00e8 un impegno verbale con il direttore del Polo museale di Kamarina e Cava d\u2019Ispica per la reazione di un protocollo d\u2019intesa. Nessuna convenzione, invece, con la Soprintendenza, <span style=\"text-decoration: underline;\"><a href=\"https:\/\/www.santacroceweb.com\/index.php\/2021\/06\/12\/rifiuti-si-corre-ai-ripari-per-lestate-viene-prodotto-troppo-secco\/\" target=\"_blank\" rel=\"noopener\">come descritto in una recente nota del primo cittadino<\/a><\/span>: \u201cE\u2019 stato un errore di comunicazione\u201d.<\/p>\n","protected":false},"excerpt":{"rendered":"<p>Il secondo episodio del Consiglio comunale, ripreso dopo la sospensione di ieri, \u00e8 foriero di discrete notizie per i possessori di fabbricati rurali e unit\u00e0 immobiliari ad uso produttivo (appartenenti al gruppo catastale B): sono le due categorie per i quali \u00e8 prevista la riduzione dell\u2019Imu. L\u2019emendamento dei consiglieri Galuppi e Mandar\u00e0 \u2013 che determiner\u00e0 [&hellip;]<\/p>\n","protected":false},"author":34,"featured_media":74239,"comment_status":"closed","ping_status":"open","sticky":false,"template":"","format":"standard","meta":{"footnotes":""},"categories":[4,11],"tags":[163,156,361,155],"class_list":["post-74238","post","type-post","status-publish","format-standard","has-post-thumbnail","hentry","category-politica","category-primopiano","tag-antonella-galuppi","tag-giovanni-barone","tag-giusy-zisa","tag-salvatore-cappello"],"_links":{"self":[{"href":"https:\/\/www.santacroceweb.com\/index.php\/wp-json\/wp\/v2\/posts\/74238","targetHints":{"allow":["GET"]}}],"collection":[{"href":"https:\/\/www.santacroceweb.com\/index.php\/wp-json\/wp\/v2\/posts"}],"about":[{"href":"https:\/\/www.santacroceweb.com\/index.php\/wp-json\/wp\/v2\/types\/post"}],"author":[{"embeddable":true,"href":"https:\/\/www.santacroceweb.com\/index.php\/wp-json\/wp\/v2\/users\/34"}],"replies":[{"embeddable":true,"href":"https:\/\/www.santacroceweb.com\/index.php\/wp-json\/wp\/v2\/comments?post=74238"}],"version-history":[{"count":0,"href":"https:\/\/www.santacroceweb.com\/index.php\/wp-json\/wp\/v2\/posts\/74238\/revisions"}],"wp:featuredmedia":[{"embeddable":true,"href":"https:\/\/www.santacroceweb.com\/index.php\/wp-json\/wp\/v2\/media\/74239"}],"wp:attachment":[{"href":"https:\/\/www.santacroceweb.com\/index.php\/wp-json\/wp\/v2\/media?parent=74238"}],"wp:term":[{"taxonomy":"category","embeddable":true,"href":"https:\/\/www.santacroceweb.com\/index.php\/wp-json\/wp\/v2\/categories?post=74238"},{"taxonomy":"post_tag","embeddable":true,"href":"https:\/\/www.santacroceweb.com\/index.php\/wp-json\/wp\/v2\/tags?post=74238"}],"curies":[{"name":"wp","href":"https:\/\/api.w.org\/{rel}","templated":true}]}}