{"id":74351,"date":"2021-07-13T14:30:19","date_gmt":"2021-07-13T12:30:19","guid":{"rendered":"https:\/\/www.santacroceweb.com\/?p=74351"},"modified":"2021-07-13T14:30:19","modified_gmt":"2021-07-13T12:30:19","slug":"contagi-in-netta-risalita-sono-36-il-sindaco-facciamo-attenzione","status":"publish","type":"post","link":"https:\/\/www.santacroceweb.com\/index.php\/2021\/07\/13\/contagi-in-netta-risalita-sono-36-il-sindaco-facciamo-attenzione\/","title":{"rendered":"Contagi in netta risalita: sono 36. Il sindaco: &#8220;Facciamo attenzione&#8221;"},"content":{"rendered":"<p style=\"text-align: justify;\"><strong>Un aumento di contagi<\/strong> ha investito Santa Croce Camerina. E il sindaco Giovanni Barone chiede la massima attenzione ai propri concittadini e aspetta anche i risultati delle verifiche epidemiologiche per capire come e perch\u00e9 il virus stia correndo veloce. &#8220;Un mese fa avevamo pochi positivi, oggi ne contiamo 36 &#8211; ha dichiarato Barone &#8211; e non \u00e8 un fatto normale, \u00e8 una alta prevalenza di casi e ogni giorno se ne aggiungono. Per adesso possiamo solo supporre le fonti di contagio, riconducibili con molta probabilit\u00e0 a momenti di assembramento in punti di aggregazione in paese e fuori&#8221;.<\/p>\n<p style=\"text-align: justify;\"><strong>Non \u00e8 escluso che l&#8217;alto numero<\/strong> di positivi possa essere dovuto alla variante Delta, molto pi\u00f9 contagiosa, ma al momento si tratta solo di ipotesi in attesa dei primi riscontri scientifici. Ma a preoccupare \u00e8 proprio la rapidit\u00e0 con cui i contagi stanno risalendo. &#8220;Manteniamo alta la guardia ed eviteremo provvedimenti restrittivi&#8221;, ha concluso il primo cittadino di Santa Croce. Naturalmente sar\u00e0 ancor di pi\u00f9 accresciuta la vigilanza e i controlli da parte della polizia municipale sui pinti di aggregazione dei giovani. Anche questa impennata della curva epidemiologica nel nostro Paese \u00e8 motivo in pi\u00f9 per vaccinarci e consigliare tutti a farlo. Domani 14 luglio, per tutto il giorno a Santa Croce sar\u00e0 possibile vaccinarsi nel \u2018punto vaccinale\u2019 presso il Centro Diurno per anziani. L\u2019appello \u00e8 maggiormente rivolto alla popolazione straniera che ha difficolt\u00e0 a recarsi in punti vaccinali lontani.\u201d<\/p>\n<p>Di seguito il report indicativo dei contagi:<br \/>\n&#8211; 14 cittadini stranieri<br \/>\n&#8211; 10 cittadini provenienti da altri comuni<br \/>\n&#8211; 12 cittadini residenti<\/p>\n","protected":false},"excerpt":{"rendered":"<p>Un aumento di contagi ha investito Santa Croce Camerina. E il sindaco Giovanni Barone chiede la massima attenzione ai propri concittadini e aspetta anche i risultati delle verifiche epidemiologiche per capire come e perch\u00e9 il virus stia correndo veloce. &#8220;Un mese fa avevamo pochi positivi, oggi ne contiamo 36 &#8211; ha dichiarato Barone &#8211; e [&hellip;]<\/p>\n","protected":false},"author":34,"featured_media":72597,"comment_status":"closed","ping_status":"open","sticky":false,"template":"","format":"standard","meta":{"footnotes":""},"categories":[7,11],"tags":[246,156,567,568],"class_list":["post-74351","post","type-post","status-publish","format-standard","has-post-thumbnail","hentry","category-cronaca","category-primopiano","tag-covid","tag-giovanni-barone","tag-pandemia","tag-vaccini"],"_links":{"self":[{"href":"https:\/\/www.santacroceweb.com\/index.php\/wp-json\/wp\/v2\/posts\/74351","targetHints":{"allow":["GET"]}}],"collection":[{"href":"https:\/\/www.santacroceweb.com\/index.php\/wp-json\/wp\/v2\/posts"}],"about":[{"href":"https:\/\/www.santacroceweb.com\/index.php\/wp-json\/wp\/v2\/types\/post"}],"author":[{"embeddable":true,"href":"https:\/\/www.santacroceweb.com\/index.php\/wp-json\/wp\/v2\/users\/34"}],"replies":[{"embeddable":true,"href":"https:\/\/www.santacroceweb.com\/index.php\/wp-json\/wp\/v2\/comments?post=74351"}],"version-history":[{"count":0,"href":"https:\/\/www.santacroceweb.com\/index.php\/wp-json\/wp\/v2\/posts\/74351\/revisions"}],"wp:featuredmedia":[{"embeddable":true,"href":"https:\/\/www.santacroceweb.com\/index.php\/wp-json\/wp\/v2\/media\/72597"}],"wp:attachment":[{"href":"https:\/\/www.santacroceweb.com\/index.php\/wp-json\/wp\/v2\/media?parent=74351"}],"wp:term":[{"taxonomy":"category","embeddable":true,"href":"https:\/\/www.santacroceweb.com\/index.php\/wp-json\/wp\/v2\/categories?post=74351"},{"taxonomy":"post_tag","embeddable":true,"href":"https:\/\/www.santacroceweb.com\/index.php\/wp-json\/wp\/v2\/tags?post=74351"}],"curies":[{"name":"wp","href":"https:\/\/api.w.org\/{rel}","templated":true}]}}