{"id":74456,"date":"2021-07-23T14:03:57","date_gmt":"2021-07-23T12:03:57","guid":{"rendered":"https:\/\/www.santacroceweb.com\/?p=74456"},"modified":"2021-07-24T17:01:14","modified_gmt":"2021-07-24T15:01:14","slug":"riapre-il-parco-di-kaukana-firmata-la-convenzione-con-il-comune","status":"publish","type":"post","link":"https:\/\/www.santacroceweb.com\/index.php\/2021\/07\/23\/riapre-il-parco-di-kaukana-firmata-la-convenzione-con-il-comune\/","title":{"rendered":"Riapre il Parco di Kaukana: firmata la convenzione con il Comune"},"content":{"rendered":"<p style=\"text-align: justify;\"><strong>E\u2019 stata firmata a Palazzo del Cigno<\/strong>, sede del Comune di Santa Croce Camerina, un\u2019importante convenzione per il rilancio del turismo culturale sul territorio camarinense, che prevede la fruizione gratuita del Parco Archeologico di Kaukana per i prossimi cinque anni. Erano presenti il sindaco di Santa Croce, Giovanni Barone, e il presidente del Parco Archeologico di Kamarina e Cava d&#8217;Ispica, Domenico Buzzone. L&#8217;apertura sar\u00e0 garantita da personale della Sovrintendenza di Ragusa.<\/p>\n<p style=\"text-align: justify;\"><strong>\u201cLa firma alla convenzione \u00e8 un passo importante<\/strong> per il rilancio del turismo a Santa Croce Camerina \u2013 commenta il Sindaco Giovanni Barone -. Per questo mi sento di ringraziare il Direttore del Parco, l\u2019Arch. Domenico Buzzone per aver dato la spinta al progetto per la riapertura del sito, dopo tanti anni di inattivit\u00e0. In un momento cos\u00ec difficile, dare segnali di un territorio aperto al turismo che offre nuove grandi opportunit\u00e0 culturali e turistiche per la visita della storica area, ma anche alla scoperta di nuove mete del nostro territorio. Mezzagnone ed il Parco di Kaukana \u2013 continua il Sindaco \u2013 saranno fruibili per le visite sperando che il periodo che stiamo attraversando a causa della pandemia, possa darci la possibilit\u00e0 di organizzare all\u2019interno del Parco Archeologico di Kaukana degli eventi culturali e spettacoli a tema\u201d. In realt\u00e0 il Parco aveva goduto di ottima salute durante il triennio 2016-19, grazie all&#8217;opera instancabile e volontaria del comitato Kaukana Zona Archeologica.<\/p>\n<p style=\"text-align: justify;\"><strong>Anche Buzzone ha parlato di un giorno importante<\/strong> per il sito in questione. \u201cE\u2019 una convenzione \u2013 ha detto Buzzone &#8211; che mette i due Enti in sinergia per far s\u00ec che questo territorio possa essere fruibile da tutto il territorio ibleo. Siamo finalmente riusciti a fare delle opere primarie per consentire l\u2019accesso dei turisti che dopo tanti anni possono osservare quest\u2019ampia testimonianza storica.\u201d <strong>Il Parco Archeologico di Kaukana sar\u00e0 aperto dal prossimo luned\u00ec, 26 luglio fino al 26 Settembre con i seguenti orari di apertura: mattina 8,30-13,30, pomeriggio 15,30 -19,30, ingresso gratuito.<\/strong><\/p>\n","protected":false},"excerpt":{"rendered":"<p>E\u2019 stata firmata a Palazzo del Cigno, sede del Comune di Santa Croce Camerina, un\u2019importante convenzione per il rilancio del turismo culturale sul territorio camarinense, che prevede la fruizione gratuita del Parco Archeologico di Kaukana per i prossimi cinque anni. Erano presenti il sindaco di Santa Croce, Giovanni Barone, e il presidente del Parco Archeologico [&hellip;]<\/p>\n","protected":false},"author":34,"featured_media":74457,"comment_status":"closed","ping_status":"open","sticky":false,"template":"","format":"standard","meta":{"footnotes":""},"categories":[8],"tags":[784,156,783],"class_list":["post-74456","post","type-post","status-publish","format-standard","has-post-thumbnail","hentry","category-attualita","tag-domenico-buzzone","tag-giovanni-barone","tag-parco-archeologico-di-kaukana"],"_links":{"self":[{"href":"https:\/\/www.santacroceweb.com\/index.php\/wp-json\/wp\/v2\/posts\/74456","targetHints":{"allow":["GET"]}}],"collection":[{"href":"https:\/\/www.santacroceweb.com\/index.php\/wp-json\/wp\/v2\/posts"}],"about":[{"href":"https:\/\/www.santacroceweb.com\/index.php\/wp-json\/wp\/v2\/types\/post"}],"author":[{"embeddable":true,"href":"https:\/\/www.santacroceweb.com\/index.php\/wp-json\/wp\/v2\/users\/34"}],"replies":[{"embeddable":true,"href":"https:\/\/www.santacroceweb.com\/index.php\/wp-json\/wp\/v2\/comments?post=74456"}],"version-history":[{"count":0,"href":"https:\/\/www.santacroceweb.com\/index.php\/wp-json\/wp\/v2\/posts\/74456\/revisions"}],"wp:featuredmedia":[{"embeddable":true,"href":"https:\/\/www.santacroceweb.com\/index.php\/wp-json\/wp\/v2\/media\/74457"}],"wp:attachment":[{"href":"https:\/\/www.santacroceweb.com\/index.php\/wp-json\/wp\/v2\/media?parent=74456"}],"wp:term":[{"taxonomy":"category","embeddable":true,"href":"https:\/\/www.santacroceweb.com\/index.php\/wp-json\/wp\/v2\/categories?post=74456"},{"taxonomy":"post_tag","embeddable":true,"href":"https:\/\/www.santacroceweb.com\/index.php\/wp-json\/wp\/v2\/tags?post=74456"}],"curies":[{"name":"wp","href":"https:\/\/api.w.org\/{rel}","templated":true}]}}