{"id":74793,"date":"2021-08-31T18:17:21","date_gmt":"2021-08-31T16:17:21","guid":{"rendered":"https:\/\/www.santacroceweb.com\/?p=74793"},"modified":"2021-08-31T19:23:15","modified_gmt":"2021-08-31T17:23:15","slug":"calcio-riparte-la-stagione-agonistica-del-citta-di-santa-croce","status":"publish","type":"post","link":"https:\/\/www.santacroceweb.com\/index.php\/2021\/08\/31\/calcio-riparte-la-stagione-agonistica-del-citta-di-santa-croce\/","title":{"rendered":"Calcio, riparte la stagione agonistica del Citt\u00e0 di Santa Croce"},"content":{"rendered":"<p style=\"text-align: justify;\"><strong>Mercoled\u00ec 1 settembre riparte<\/strong> ufficialmente la stagione calcistica 2021-2022 del Citt\u00e0 di Santa Croce. La societ\u00e0 gialloverde, a livello giovanile, si occuper\u00e0 dalla categoria Allievi alla categoria Piccoli amici, dai ragazzi\/e nati\/e dal 2005 al 2016. Oltre alla conferma a livello dirigenziale del DG Giovanni Giaquinta e del DS Giovanni Zisa, ci sar\u00e0 un volto nuovo ovvero quello Claudia Catalano che ricoprir\u00e0 il ruolo di segretaria. Nello staff tecnico oltre alla conferme di mister Ivano Dimartino, del posturologo Fabio Conti e del preparatore dei portieri Giuseppe Alabiso ci sar\u00e0 il ritorno di Salvatore Calvo nel ruolo di collaboratore tecnico. Il dg Giovanni Giaquinta: \u201dCi prepariamo ad affrontare la nuova stagione nel migliore dei modi, auspicando di non avere interruzioni causa Covid-19,lo staff tecnico ha tanta voglia di tronare in campo cos\u00ec come i nostri piccoli atleti. Volevo cogliere l\u2019occasione per comunicare che la nostra collaborazione con la Cavese Calcio continuer\u00e0 anche in questa stagione.\u201d<\/p>\n","protected":false},"excerpt":{"rendered":"<p>Mercoled\u00ec 1 settembre riparte ufficialmente la stagione calcistica 2021-2022 del Citt\u00e0 di Santa Croce. La societ\u00e0 gialloverde, a livello giovanile, si occuper\u00e0 dalla categoria Allievi alla categoria Piccoli amici, dai ragazzi\/e nati\/e dal 2005 al 2016. Oltre alla conferma a livello dirigenziale del DG Giovanni Giaquinta e del DS Giovanni Zisa, ci sar\u00e0 un volto [&hellip;]<\/p>\n","protected":false},"author":34,"featured_media":74794,"comment_status":"closed","ping_status":"open","sticky":false,"template":"","format":"standard","meta":{"footnotes":""},"categories":[3],"tags":[194,830],"class_list":["post-74793","post","type-post","status-publish","format-standard","has-post-thumbnail","hentry","category-sport","tag-calcio","tag-citta-di-santa-croce"],"_links":{"self":[{"href":"https:\/\/www.santacroceweb.com\/index.php\/wp-json\/wp\/v2\/posts\/74793","targetHints":{"allow":["GET"]}}],"collection":[{"href":"https:\/\/www.santacroceweb.com\/index.php\/wp-json\/wp\/v2\/posts"}],"about":[{"href":"https:\/\/www.santacroceweb.com\/index.php\/wp-json\/wp\/v2\/types\/post"}],"author":[{"embeddable":true,"href":"https:\/\/www.santacroceweb.com\/index.php\/wp-json\/wp\/v2\/users\/34"}],"replies":[{"embeddable":true,"href":"https:\/\/www.santacroceweb.com\/index.php\/wp-json\/wp\/v2\/comments?post=74793"}],"version-history":[{"count":0,"href":"https:\/\/www.santacroceweb.com\/index.php\/wp-json\/wp\/v2\/posts\/74793\/revisions"}],"wp:featuredmedia":[{"embeddable":true,"href":"https:\/\/www.santacroceweb.com\/index.php\/wp-json\/wp\/v2\/media\/74794"}],"wp:attachment":[{"href":"https:\/\/www.santacroceweb.com\/index.php\/wp-json\/wp\/v2\/media?parent=74793"}],"wp:term":[{"taxonomy":"category","embeddable":true,"href":"https:\/\/www.santacroceweb.com\/index.php\/wp-json\/wp\/v2\/categories?post=74793"},{"taxonomy":"post_tag","embeddable":true,"href":"https:\/\/www.santacroceweb.com\/index.php\/wp-json\/wp\/v2\/tags?post=74793"}],"curies":[{"name":"wp","href":"https:\/\/api.w.org\/{rel}","templated":true}]}}