{"id":74863,"date":"2021-09-10T10:41:08","date_gmt":"2021-09-10T08:41:08","guid":{"rendered":"https:\/\/www.santacroceweb.com\/?p=74863"},"modified":"2021-09-10T10:50:59","modified_gmt":"2021-09-10T08:50:59","slug":"calcio-eccellenza-per-il-santa-croce-esordio-durissimo-con-ligea","status":"publish","type":"post","link":"https:\/\/www.santacroceweb.com\/index.php\/2021\/09\/10\/calcio-eccellenza-per-il-santa-croce-esordio-durissimo-con-ligea\/","title":{"rendered":"Calcio, Eccellenza: per il Santa Croce esordio durissimo con l&#8217;Igea"},"content":{"rendered":"<p style=\"text-align: justify;\"><strong>Sar\u00e0 l\u2019Igea 1946 la prima avversaria<\/strong> del Santa Croce nel nuovo campionato di Eccellenza. Un esordio casalingo difficile per la squadra di Gaetano Lucenti che si trover\u00e0 di fronte una delle pretendenti al salto di categoria. La squadra del Longano, infatti, \u00e8 stata costruita per lottare per la serie D e il presidente giallorosso Stefano Barresi non ha lesinato risorse economiche per raggiungere un obiettivo alla portata del blasone della citta di Barcellona. Alla corte di mister Alizzi sono arrivati giocatori importanti: Pavisich, Doda, Presti, Franchina, Lucarelli, Incatasciato; che si sono aggregati ai riconfermati Cassaro, Dall\u2019Oglio, Assenzio, Longo e Isgr\u00f2. Ne \u00e8 nata una vera e propria corazzata, che gi\u00e0 dal primo turno di Coppa Italia (passato ai danni della Nebros) ha fatto notare le proprie qualit\u00e0.<\/p>\n<p style=\"text-align: justify;\"><strong>Dalla parte opposta ci sar\u00e0 il Santa Croce<\/strong> di mister Gaetano Lucenti che vuole affrontare un campionato tranquillo, con l&#8217;obiettivo del mantenimento della categoria. La squadra biancazzurra arriva a questo evento in piena emergenza e con molti dubbi di formazione, viste le assenze sicure di Floridia, Cosentino e Voi per infortunio e l\u2019assenza per squalifica di Daniele Arena. Lucenti, inoltre, dovr\u00e0 vagliare all\u2019ultimo istante le condizioni fisiche del centrale difensivo Lautaro Rodriguez, del portiere Giuseppe Alvani e di Alessandro Riela, che nella gara di ritorno di Coppa contro il Siracusa sono usciti malconci. In settimana, per rimpinguare la rosa dei giocatori, sono stati tesserati i difensori Pietro Bellomo, classe 2003, lo scorso anno al Marina di Ragusa, e Angelo Gravina, che dopo aver risolto delle problematiche lavorative si \u00e8 rimesso nuovamente in gioco. A giorni la societ\u00e0 ufficializzer\u00e0 altri tesseramenti di alcuni giocatori che attualmente sono in prova.<\/p>\n<p><strong>\u201cLa squadra sta lavorando sodo<\/strong> ma purtroppo \u00e8 un periodo piuttosto in salita \u2013 dice il ds Claudio Agnello &#8211; La squadra manca ancora di alcune pedine per completarsi e inoltre i numerosi infortuni hanno decimato l&#8217;organico. Nonostante le tante difficolt\u00e0 scenderemo in campo con il coltello fra i denti convinti di poter ben fronteggiare una delle big del torneo ottenendo un risultato positivo. La societ\u00e0 nel frattempo ha gi\u00e0 raggiunto l&#8217;accordo con quattro nuovi rinforzi e li annuncer\u00e0 nei prossimi giorni\u201d. La gara si giocher\u00e0 al \u201cKennedy\u201d che per le norme anti Covid avr\u00e0 una capienza limitata a 150 spettatori tutti muniti di Green Pass o certificato di tampone negativo nelle ultime 48 ore. Il fischio d\u2019inizio sar\u00e0 alle ore 15.30 e a dirigere la gara sar\u00e0 il signor Paolo Isoardi della sezione di Cuneo, che sar\u00e0 collaborato dai signori Francesco Conti di Enna e Giulio Sorace di Catania.<\/p>\n","protected":false},"excerpt":{"rendered":"<p>Sar\u00e0 l\u2019Igea 1946 la prima avversaria del Santa Croce nel nuovo campionato di Eccellenza. Un esordio casalingo difficile per la squadra di Gaetano Lucenti che si trover\u00e0 di fronte una delle pretendenti al salto di categoria. La squadra del Longano, infatti, \u00e8 stata costruita per lottare per la serie D e il presidente giallorosso Stefano [&hellip;]<\/p>\n","protected":false},"author":34,"featured_media":74629,"comment_status":"closed","ping_status":"open","sticky":false,"template":"","format":"standard","meta":{"footnotes":""},"categories":[3],"tags":[194,600,136],"class_list":["post-74863","post","type-post","status-publish","format-standard","has-post-thumbnail","hentry","category-sport","tag-calcio","tag-claudio-agnello","tag-upd-santa-croce"],"_links":{"self":[{"href":"https:\/\/www.santacroceweb.com\/index.php\/wp-json\/wp\/v2\/posts\/74863","targetHints":{"allow":["GET"]}}],"collection":[{"href":"https:\/\/www.santacroceweb.com\/index.php\/wp-json\/wp\/v2\/posts"}],"about":[{"href":"https:\/\/www.santacroceweb.com\/index.php\/wp-json\/wp\/v2\/types\/post"}],"author":[{"embeddable":true,"href":"https:\/\/www.santacroceweb.com\/index.php\/wp-json\/wp\/v2\/users\/34"}],"replies":[{"embeddable":true,"href":"https:\/\/www.santacroceweb.com\/index.php\/wp-json\/wp\/v2\/comments?post=74863"}],"version-history":[{"count":0,"href":"https:\/\/www.santacroceweb.com\/index.php\/wp-json\/wp\/v2\/posts\/74863\/revisions"}],"wp:featuredmedia":[{"embeddable":true,"href":"https:\/\/www.santacroceweb.com\/index.php\/wp-json\/wp\/v2\/media\/74629"}],"wp:attachment":[{"href":"https:\/\/www.santacroceweb.com\/index.php\/wp-json\/wp\/v2\/media?parent=74863"}],"wp:term":[{"taxonomy":"category","embeddable":true,"href":"https:\/\/www.santacroceweb.com\/index.php\/wp-json\/wp\/v2\/categories?post=74863"},{"taxonomy":"post_tag","embeddable":true,"href":"https:\/\/www.santacroceweb.com\/index.php\/wp-json\/wp\/v2\/tags?post=74863"}],"curies":[{"name":"wp","href":"https:\/\/api.w.org\/{rel}","templated":true}]}}