{"id":75807,"date":"2021-10-06T13:29:26","date_gmt":"2021-10-06T11:29:26","guid":{"rendered":"https:\/\/www.santacroceweb.com\/?p=75807"},"modified":"2021-10-06T13:59:04","modified_gmt":"2021-10-06T11:59:04","slug":"centro-diurno-mandara-torni-alla-sua-funzione-ce-bisogno-di-socialita","status":"publish","type":"post","link":"https:\/\/www.santacroceweb.com\/index.php\/2021\/10\/06\/centro-diurno-mandara-torni-alla-sua-funzione-ce-bisogno-di-socialita\/","title":{"rendered":"Centro diurno, Mandar\u00e0: &#8220;Torni alla sua funzione. C&#8217;\u00e8 bisogno di socialit\u00e0&#8221;"},"content":{"rendered":"<p style=\"text-align: justify;\"><strong>\u201cDopo alcuni mesi di stop a causa<\/strong> dell\u2019emergenza sanitaria, i centri diurni di tutta Italia stanno riaprendo. Tranne quello di Santa Croce, che rimane chiuso per volere del sindaco. Il quale, senza coinvolgere altri nella sua scelta, ha individuato nell\u2019edificio riservato alla Terza primavera un punto vaccinale. Peccato che negli altri comuni della provincia, per il medesimo scopo, vengano utilizzate strutture pi\u00f9 adatte e conformi come palestre e capannoni\u201d. Lo scrive in una nota Piero Mandar\u00e0, presidente del Consiglio comunale, che nei giorni scorsi ha chiesto un incontro al primo cittadino: \u201cMa Barone, con la solita spocchia, si \u00e8 negato perch\u00e9 sostiene che la sua decisione \u00e8 irreversibile\u201d.<\/p>\n<p style=\"text-align: justify;\"><strong>\u201cTornare a occupare i locali del centro diurno<\/strong> \u2013 riprende Mandar\u00e0 \u2013 sarebbe per gli anziani e le associazioni, che svolgono attivit\u00e0 al suo interno, un importante segnale di ritorno alla socialit\u00e0. Non farlo, al contrario, produce disagio e preoccupazione. Sono le fasce pi\u00f9 drammaticamente colpite dalla pandemia \u2013 argomenta il presidente del Consiglio &#8211; che hanno bisogno del consolidamento, non certo della eliminazione, dei servizi di welfare. Eppure, malgrado il regolamento per l\u2019utilizzo del Centro ne limiti l\u2019impiego per usi e scopi afferenti all\u2019attivit\u00e0 degli anziani e dei pi\u00f9 deboli, ancora una volta prevale l\u2019arroganza e l\u2019irrazionalit\u00e0 del singolo, che ha deciso altrimenti\u201d.<\/p>\n<p style=\"text-align: justify;\"><strong>\u201cE&#8217; giusto \u2013 ribadisce Mandar\u00e0 &#8211;<\/strong> che venga garantita priorit\u00e0 all&#8217;attivit\u00e0 vaccinale in tutti i suoi aspetti. Concordo sul fatto che vada aumentato il numero delle giornate dedicate alla vaccinazione, ma \u00e8 altrettanto vero che Santa Croce dispone di tante altre strutture si presterebbero \u2013 e meglio &#8211; a un utilizzo di questo tipo, perch\u00e9 godono di spazi pi\u00f9 ampi e di parcheggi all\u2019esterno. Penso alla palestra tensostatica, ai locali del poliambulatorio o del Mercato ortofrutticolo, al distaccamento dei Vigili del fuoco. Ci auguriamo che queste proposte possano diventare oggetto di valutazione; se questo non dovesse accadere, presenter\u00f2 un ordine del giorno in Consiglio comunale per far riaprire al pi\u00f9 presto questo luogo di aggregazione e socializzazione vitale per le fasce deboli. Condanno, infine, <span style=\"text-decoration: underline;\"><a href=\"https:\/\/www.santacroceweb.com\/index.php\/2021\/10\/05\/gli-anziani-rivogliono-il-centro-ma-lincontro-col-sindaco-finisce-male\/\" target=\"_blank\" rel=\"noopener\">i modi e i toni con cui il primo cittadino ha &#8216;accolto&#8217; la delegazione degli anziani<\/a><\/span> presso la sua stanza a palazzo di citt\u00e0. Un sindaco eletto dovrebbe comportarsi in maniera sobria e istituzionale. Sempre\u201d.<\/p>\n","protected":false},"excerpt":{"rendered":"<p>\u201cDopo alcuni mesi di stop a causa dell\u2019emergenza sanitaria, i centri diurni di tutta Italia stanno riaprendo. Tranne quello di Santa Croce, che rimane chiuso per volere del sindaco. Il quale, senza coinvolgere altri nella sua scelta, ha individuato nell\u2019edificio riservato alla Terza primavera un punto vaccinale. Peccato che negli altri comuni della provincia, per [&hellip;]<\/p>\n","protected":false},"author":34,"featured_media":72981,"comment_status":"closed","ping_status":"open","sticky":false,"template":"","format":"standard","meta":{"footnotes":""},"categories":[4],"tags":[871,870,156,153],"class_list":["post-75807","post","type-post","status-publish","format-standard","has-post-thumbnail","hentry","category-politica","tag-anziani","tag-centro-diurno","tag-giovanni-barone","tag-piero-mandara"],"_links":{"self":[{"href":"https:\/\/www.santacroceweb.com\/index.php\/wp-json\/wp\/v2\/posts\/75807","targetHints":{"allow":["GET"]}}],"collection":[{"href":"https:\/\/www.santacroceweb.com\/index.php\/wp-json\/wp\/v2\/posts"}],"about":[{"href":"https:\/\/www.santacroceweb.com\/index.php\/wp-json\/wp\/v2\/types\/post"}],"author":[{"embeddable":true,"href":"https:\/\/www.santacroceweb.com\/index.php\/wp-json\/wp\/v2\/users\/34"}],"replies":[{"embeddable":true,"href":"https:\/\/www.santacroceweb.com\/index.php\/wp-json\/wp\/v2\/comments?post=75807"}],"version-history":[{"count":0,"href":"https:\/\/www.santacroceweb.com\/index.php\/wp-json\/wp\/v2\/posts\/75807\/revisions"}],"wp:featuredmedia":[{"embeddable":true,"href":"https:\/\/www.santacroceweb.com\/index.php\/wp-json\/wp\/v2\/media\/72981"}],"wp:attachment":[{"href":"https:\/\/www.santacroceweb.com\/index.php\/wp-json\/wp\/v2\/media?parent=75807"}],"wp:term":[{"taxonomy":"category","embeddable":true,"href":"https:\/\/www.santacroceweb.com\/index.php\/wp-json\/wp\/v2\/categories?post=75807"},{"taxonomy":"post_tag","embeddable":true,"href":"https:\/\/www.santacroceweb.com\/index.php\/wp-json\/wp\/v2\/tags?post=75807"}],"curies":[{"name":"wp","href":"https:\/\/api.w.org\/{rel}","templated":true}]}}