{"id":75935,"date":"2021-10-17T10:43:16","date_gmt":"2021-10-17T08:43:16","guid":{"rendered":"https:\/\/www.santacroceweb.com\/?p=75935"},"modified":"2021-10-17T10:43:16","modified_gmt":"2021-10-17T08:43:16","slug":"un-autobus-di-linea-con-rampa-per-disabili-cosi-giovanni-torna-libero","status":"publish","type":"post","link":"https:\/\/www.santacroceweb.com\/index.php\/2021\/10\/17\/un-autobus-di-linea-con-rampa-per-disabili-cosi-giovanni-torna-libero\/","title":{"rendered":"Un autobus di linea con rampa per disabili. Cos\u00ec Giovanni torna &#8220;libero&#8221;"},"content":{"rendered":"<p style=\"text-align: justify;\"><strong>Finalmente un passo verso la Disabilit\u00e0.<\/strong> Da venerd\u00ec 15 ottobre 2021, \u00e8 possibile per un disabile spostarsi da un paese all\u2019altro quasi in piena autonomia con i bus di linea della Tumino trasporti. La prima corsa ha collegato Marina di Ragusa a Ragusa citt\u00e0. Non che prima non si potesse fare, ma questa volta si tratta di un servizio pubblico che, come sottolinea Giovanni Gulino, render\u00e0 la loro condizione \u201cpi\u00f9 leggera. Ci sentiremo pi\u00f9 liberi negli spostamenti, anche solo se saremo mossi dal semplice desiderio di prendere un caff\u00e8 in un\u2019altra piazza\u201d. Giovanni ha una disabilit\u00e0 dovuta ad un\u2019asfissia da parto, tra l\u2019altro prematuro. Disabilit\u00e0 che non lo ha mai fermato nella vita: lavora, infatti, da circa tre anni e adora scrivere poesie d\u2019amore, lo stesso amore per la libert\u00e0 che lo ha spinto a lottare per tre lunghi anni, con difficolt\u00e0 e amarezze di ogni tipo, per tagliare finalmente il traguardo. Un ringraziamento va a tutta la giunta comunale che lo ha aiutato fattivamente a realizzare uno dei suoi sogni. Gi\u00e0, perch\u00e9 un poeta non smette mai di sognare.<\/p>\n<p><img fetchpriority=\"high\" decoding=\"async\" class=\"alignnone size-full wp-image-75937 lazyload\" src=\"data:image\/gif;base64,R0lGODlhAQABAAAAACH5BAEKAAEALAAAAAABAAEAAAICTAEAOw==\" data-src=\"https:\/\/www.santacroceweb.com\/giornale1\/wp-content\/uploads\/2021\/10\/2-1.jpeg\" alt=\"\" width=\"2048\" height=\"1536\" data-sizes=\"auto\" data-srcset=\"https:\/\/www.santacroceweb.com\/giornale1\/wp-content\/uploads\/2021\/10\/2-1.jpeg 2048w, https:\/\/www.santacroceweb.com\/giornale1\/wp-content\/uploads\/2021\/10\/2-1-1536x1152.jpeg 1536w\" sizes=\"(max-width: 2048px) 100vw, 2048px\" \/><\/p>\n","protected":false},"excerpt":{"rendered":"<p>Finalmente un passo verso la Disabilit\u00e0. Da venerd\u00ec 15 ottobre 2021, \u00e8 possibile per un disabile spostarsi da un paese all\u2019altro quasi in piena autonomia con i bus di linea della Tumino trasporti. La prima corsa ha collegato Marina di Ragusa a Ragusa citt\u00e0. Non che prima non si potesse fare, ma questa volta si [&hellip;]<\/p>\n","protected":false},"author":49,"featured_media":75936,"comment_status":"closed","ping_status":"open","sticky":false,"template":"","format":"standard","meta":{"footnotes":""},"categories":[8],"tags":[887],"class_list":["post-75935","post","type-post","status-publish","format-standard","has-post-thumbnail","hentry","category-attualita","tag-giovanni-gulino"],"_links":{"self":[{"href":"https:\/\/www.santacroceweb.com\/index.php\/wp-json\/wp\/v2\/posts\/75935","targetHints":{"allow":["GET"]}}],"collection":[{"href":"https:\/\/www.santacroceweb.com\/index.php\/wp-json\/wp\/v2\/posts"}],"about":[{"href":"https:\/\/www.santacroceweb.com\/index.php\/wp-json\/wp\/v2\/types\/post"}],"author":[{"embeddable":true,"href":"https:\/\/www.santacroceweb.com\/index.php\/wp-json\/wp\/v2\/users\/49"}],"replies":[{"embeddable":true,"href":"https:\/\/www.santacroceweb.com\/index.php\/wp-json\/wp\/v2\/comments?post=75935"}],"version-history":[{"count":0,"href":"https:\/\/www.santacroceweb.com\/index.php\/wp-json\/wp\/v2\/posts\/75935\/revisions"}],"wp:featuredmedia":[{"embeddable":true,"href":"https:\/\/www.santacroceweb.com\/index.php\/wp-json\/wp\/v2\/media\/75936"}],"wp:attachment":[{"href":"https:\/\/www.santacroceweb.com\/index.php\/wp-json\/wp\/v2\/media?parent=75935"}],"wp:term":[{"taxonomy":"category","embeddable":true,"href":"https:\/\/www.santacroceweb.com\/index.php\/wp-json\/wp\/v2\/categories?post=75935"},{"taxonomy":"post_tag","embeddable":true,"href":"https:\/\/www.santacroceweb.com\/index.php\/wp-json\/wp\/v2\/tags?post=75935"}],"curies":[{"name":"wp","href":"https:\/\/api.w.org\/{rel}","templated":true}]}}