{"id":76047,"date":"2021-10-27T13:06:32","date_gmt":"2021-10-27T11:06:32","guid":{"rendered":"https:\/\/www.santacroceweb.com\/?p=76047"},"modified":"2021-10-27T13:07:11","modified_gmt":"2021-10-27T11:07:11","slug":"segnala-una-discarica-sullapp-il-comune-risponde-un-mese-dopo","status":"publish","type":"post","link":"https:\/\/www.santacroceweb.com\/index.php\/2021\/10\/27\/segnala-una-discarica-sullapp-il-comune-risponde-un-mese-dopo\/","title":{"rendered":"Segnala una discarica sull&#8217;App: il Comune risponde un mese dopo"},"content":{"rendered":"<p style=\"text-align: justify;\"><strong>\u201cLa SP 110 non \u00e8 territorio<\/strong> di Santa Croce Camerina\u201d. Questa \u00e8 la laconica risposta che un cittadino ha ricevuto dopo svariate settimane dalla segnalazione, e solo dopo averla sollecitata, da chi si dovrebbe occupare della gestione <span style=\"text-decoration: underline;\"><a href=\"https:\/\/www.santacroceweb.com\/index.php\/2021\/07\/30\/nasce-citycare-lapp-del-comune-per-raccogliere-le-segnalazioni\/\" target=\"_blank\" rel=\"noopener\">dell\u2019App comunale \u201cCity Care\u201d<\/a><\/span>. Il coordinamento cittadino di ItalExit, il movimento politico che fa capo a Gianluigi Paragone, lamenta la scarsa tempestivit\u00e0 nella risposta, cos\u00ec come le motivazioni addotte: \u201cVero \u00e8 che nel territorio camarinense si intersecano i confini, tra Ragusa e Santa Croce. Ma visto che la segnalazione \u00e8 stata fatta alla voce territorio e ambiente, riguardava una indecorosa discarica a cielo aperto e sotto gli occhi di tutti (ma soprattutto dei turisti che insistono in quella zona dove \u00e8 allocato un B&amp;B) e che la munnizza \u00e8 munnizza anche nel Ragusano, magari quel bellissimo sostantivo che \u00e8 \u201csinergia\u201d, tanto sbandierato dai due Sindaci per la costruzione della pista ciclabile che congiunge Casuzze a Marina di Ragusa, si potrebbe usare per il decoro del territorio\u201d.<\/p>\n<figure id=\"attachment_76049\" aria-describedby=\"caption-attachment-76049\" style=\"width: 2048px\" class=\"wp-caption alignnone\"><img fetchpriority=\"high\" decoding=\"async\" class=\"size-full wp-image-76049 lazyload\" src=\"data:image\/gif;base64,R0lGODlhAQABAAAAACH5BAEKAAEALAAAAAABAAEAAAICTAEAOw==\" data-src=\"https:\/\/www.santacroceweb.com\/giornale1\/wp-content\/uploads\/2021\/10\/WhatsApp-Image-2021-10-26-at-19.15.37-1.jpeg\" alt=\"La Sp 110, nei pressi di contrada Muraglie\" width=\"2048\" height=\"923\" data-sizes=\"auto\" data-srcset=\"https:\/\/www.santacroceweb.com\/giornale1\/wp-content\/uploads\/2021\/10\/WhatsApp-Image-2021-10-26-at-19.15.37-1.jpeg 2048w, https:\/\/www.santacroceweb.com\/giornale1\/wp-content\/uploads\/2021\/10\/WhatsApp-Image-2021-10-26-at-19.15.37-1-1536x692.jpeg 1536w\" sizes=\"(max-width: 2048px) 100vw, 2048px\" \/><figcaption id=\"caption-attachment-76049\" class=\"wp-caption-text\">La Sp 110, nei pressi di contrada Muraglie<\/figcaption><\/figure>\n<p style=\"text-align: justify;\"><strong>L\u2019App &#8220;City Care&#8221;, donata al Comune<\/strong> da un\u2019azienda locale (la Codisense), \u201cavvicina il \u2018Palazzo\u2019 agli utenti \u2013 come ribadito dal sindaco in fase di presentazione &#8211; Se usata correttamente, \u00e8 in grado di migliorare la qualit\u00e0 ed il senso civico di ognuno di noi\u201d. Stavolta, per\u00f2, qualcosa non ha funzionato: \u201cConsiderando che l\u2019applicazione \u00e8 stata regalata \u2013 insistono quelli di ItalExit -, magari si potrebbe spendere qualche parola in pi\u00f9 nello spiegare al cittadino, che si ringrazia della segnalazione fatta, ma che non si hanno le competenze pertinenti su quella parte di territorio. Cos\u00ec tanto per farlo sentire parte in causa e non un disturbatore seriale\u201d.<\/p>\n<figure id=\"attachment_76050\" aria-describedby=\"caption-attachment-76050\" style=\"width: 720px\" class=\"wp-caption alignnone\"><img decoding=\"async\" class=\"wp-image-76050 size-full lazyload\" src=\"data:image\/gif;base64,R0lGODlhAQABAAAAACH5BAEKAAEALAAAAAABAAEAAAICTAEAOw==\" data-src=\"https:\/\/www.santacroceweb.com\/giornale1\/wp-content\/uploads\/2021\/10\/WhatsApp-Image-2021-10-26-at-19.15.37-2.jpeg\" alt=\"\" width=\"720\" height=\"1600\" data-sizes=\"auto\" data-srcset=\"https:\/\/www.santacroceweb.com\/giornale1\/wp-content\/uploads\/2021\/10\/WhatsApp-Image-2021-10-26-at-19.15.37-2.jpeg 720w, https:\/\/www.santacroceweb.com\/giornale1\/wp-content\/uploads\/2021\/10\/WhatsApp-Image-2021-10-26-at-19.15.37-2-691x1536.jpeg 691w\" sizes=\"(max-width: 720px) 100vw, 720px\" \/><figcaption id=\"caption-attachment-76050\" class=\"wp-caption-text\">I ritardi della chat<\/figcaption><\/figure>\n","protected":false},"excerpt":{"rendered":"<p>\u201cLa SP 110 non \u00e8 territorio di Santa Croce Camerina\u201d. Questa \u00e8 la laconica risposta che un cittadino ha ricevuto dopo svariate settimane dalla segnalazione, e solo dopo averla sollecitata, da chi si dovrebbe occupare della gestione dell\u2019App comunale \u201cCity Care\u201d. Il coordinamento cittadino di ItalExit, il movimento politico che fa capo a Gianluigi Paragone, [&hellip;]<\/p>\n","protected":false},"author":34,"featured_media":76048,"comment_status":"closed","ping_status":"open","sticky":false,"template":"","format":"standard","meta":{"footnotes":""},"categories":[11],"tags":[900,739,139],"class_list":["post-76047","post","type-post","status-publish","format-standard","has-post-thumbnail","hentry","category-primopiano","tag-city-care","tag-italexit","tag-santa-croce-camerina"],"_links":{"self":[{"href":"https:\/\/www.santacroceweb.com\/index.php\/wp-json\/wp\/v2\/posts\/76047","targetHints":{"allow":["GET"]}}],"collection":[{"href":"https:\/\/www.santacroceweb.com\/index.php\/wp-json\/wp\/v2\/posts"}],"about":[{"href":"https:\/\/www.santacroceweb.com\/index.php\/wp-json\/wp\/v2\/types\/post"}],"author":[{"embeddable":true,"href":"https:\/\/www.santacroceweb.com\/index.php\/wp-json\/wp\/v2\/users\/34"}],"replies":[{"embeddable":true,"href":"https:\/\/www.santacroceweb.com\/index.php\/wp-json\/wp\/v2\/comments?post=76047"}],"version-history":[{"count":0,"href":"https:\/\/www.santacroceweb.com\/index.php\/wp-json\/wp\/v2\/posts\/76047\/revisions"}],"wp:featuredmedia":[{"embeddable":true,"href":"https:\/\/www.santacroceweb.com\/index.php\/wp-json\/wp\/v2\/media\/76048"}],"wp:attachment":[{"href":"https:\/\/www.santacroceweb.com\/index.php\/wp-json\/wp\/v2\/media?parent=76047"}],"wp:term":[{"taxonomy":"category","embeddable":true,"href":"https:\/\/www.santacroceweb.com\/index.php\/wp-json\/wp\/v2\/categories?post=76047"},{"taxonomy":"post_tag","embeddable":true,"href":"https:\/\/www.santacroceweb.com\/index.php\/wp-json\/wp\/v2\/tags?post=76047"}],"curies":[{"name":"wp","href":"https:\/\/api.w.org\/{rel}","templated":true}]}}