{"id":76239,"date":"2021-11-15T10:29:57","date_gmt":"2021-11-15T09:29:57","guid":{"rendered":"https:\/\/www.santacroceweb.com\/?p=76239"},"modified":"2021-11-15T10:29:57","modified_gmt":"2021-11-15T09:29:57","slug":"lospedale-giovanni-paolo-ii-verra-ampliato-costera-40-milioni-di-euro","status":"publish","type":"post","link":"https:\/\/www.santacroceweb.com\/index.php\/2021\/11\/15\/lospedale-giovanni-paolo-ii-verra-ampliato-costera-40-milioni-di-euro\/","title":{"rendered":"L&#8217;ospedale Giovanni Paolo II verr\u00e0 ampliato: coster\u00e0 40 milioni di euro"},"content":{"rendered":"<p style=\"text-align: justify;\"><strong>Riprende l\u2019iter per il progetto<\/strong> per l\u2019ampliamento dell\u2019ospedale \u201cGiovanni Paolo II\u201d, attraverso la procedura del concorso di progettazione. Infatti, \u00e8 stato finalmente approvato il bando &#8211; sar\u00e0 pubblicato nella Gazzetta Europea &#8211; che contiene il Documento di indirizzo alla Progettazione, in conformit\u00e0 alle linee guida dell\u2019Anac. Il concorso di progettazione a procedura aperta in due gradi servir\u00e0 a individuare il soggetto a cui affidare le fasi successive della progettazione, coordinamento della sicurezza in fase di progettazione, direzione ed esecuzione dei lavori. Il costo previsto per la realizzazione dell\u2019opera \u00e8 di \u20ac 39.600.000,00. La commissione \u00e8 composta da: prof. Maurizio Carta, con funzioni di Presidente, prof. Mos\u00e8 Ricci; ing. Maurizio Russo; ing. Italo Vezzuto; ing. Ignazio Alberghina; dott. Angelo Pellican\u00f2 e arch. Gaetano Manganello.<\/p>\n<p style=\"text-align: justify;\"><strong>Il completamento dell\u2019ospedale esistente<\/strong> consister\u00e0 nella realizzazione di una nuova struttura collegata con quella esistente, in grado di ospitare le discipline sanitarie ancora non presenti nel nuovo nosocomio e la rimodulazione e ri-funzionalizzazione di alcune parti dell&#8217;ospedale gi\u00e0 costruito. L\u2019ospedale \u201cGiovanni Paolo II\u201d avr\u00e0 cos\u00ec una capacit\u00e0 ricettiva per tutta l\u2019offerta oggi distribuita anche nella vecchia struttura dell\u2019ospedale \u201cMaria Patern\u00f2 Arezzo\u201d. Troveranno allocazione i reparti di degenza e i servizi sanitari secondo aree distinte per attivit\u00e0 sanitarie omogenee, con strutture, percorsi e ambienti specifici pur nell&#8217;unitariet\u00e0 e nell&#8217;organizzazione univoca dell&#8217;intero ospedale.<\/p>\n","protected":false},"excerpt":{"rendered":"<p>Riprende l\u2019iter per il progetto per l\u2019ampliamento dell\u2019ospedale \u201cGiovanni Paolo II\u201d, attraverso la procedura del concorso di progettazione. Infatti, \u00e8 stato finalmente approvato il bando &#8211; sar\u00e0 pubblicato nella Gazzetta Europea &#8211; che contiene il Documento di indirizzo alla Progettazione, in conformit\u00e0 alle linee guida dell\u2019Anac. Il concorso di progettazione a procedura aperta in due [&hellip;]<\/p>\n","protected":false},"author":34,"featured_media":69670,"comment_status":"closed","ping_status":"open","sticky":false,"template":"","format":"standard","meta":{"footnotes":""},"categories":[8],"tags":[569],"class_list":["post-76239","post","type-post","status-publish","format-standard","has-post-thumbnail","hentry","category-attualita","tag-ospedale-giovanni-paolo-ii"],"_links":{"self":[{"href":"https:\/\/www.santacroceweb.com\/index.php\/wp-json\/wp\/v2\/posts\/76239","targetHints":{"allow":["GET"]}}],"collection":[{"href":"https:\/\/www.santacroceweb.com\/index.php\/wp-json\/wp\/v2\/posts"}],"about":[{"href":"https:\/\/www.santacroceweb.com\/index.php\/wp-json\/wp\/v2\/types\/post"}],"author":[{"embeddable":true,"href":"https:\/\/www.santacroceweb.com\/index.php\/wp-json\/wp\/v2\/users\/34"}],"replies":[{"embeddable":true,"href":"https:\/\/www.santacroceweb.com\/index.php\/wp-json\/wp\/v2\/comments?post=76239"}],"version-history":[{"count":0,"href":"https:\/\/www.santacroceweb.com\/index.php\/wp-json\/wp\/v2\/posts\/76239\/revisions"}],"wp:featuredmedia":[{"embeddable":true,"href":"https:\/\/www.santacroceweb.com\/index.php\/wp-json\/wp\/v2\/media\/69670"}],"wp:attachment":[{"href":"https:\/\/www.santacroceweb.com\/index.php\/wp-json\/wp\/v2\/media?parent=76239"}],"wp:term":[{"taxonomy":"category","embeddable":true,"href":"https:\/\/www.santacroceweb.com\/index.php\/wp-json\/wp\/v2\/categories?post=76239"},{"taxonomy":"post_tag","embeddable":true,"href":"https:\/\/www.santacroceweb.com\/index.php\/wp-json\/wp\/v2\/tags?post=76239"}],"curies":[{"name":"wp","href":"https:\/\/api.w.org\/{rel}","templated":true}]}}