{"id":77169,"date":"2022-02-13T09:02:46","date_gmt":"2022-02-13T08:02:46","guid":{"rendered":"https:\/\/www.santacroceweb.com\/?p=77169"},"modified":"2022-02-15T14:29:15","modified_gmt":"2022-02-15T13:29:15","slug":"piero-mandara-ufficializza-la-propria-candidatura-a-sindaco-di-s-croce","status":"publish","type":"post","link":"https:\/\/www.santacroceweb.com\/index.php\/2022\/02\/13\/piero-mandara-ufficializza-la-propria-candidatura-a-sindaco-di-s-croce\/","title":{"rendered":"Piero Mandar\u00e0 ufficializza la propria candidatura a sindaco di S.Croce"},"content":{"rendered":"<p style=\"text-align: justify;\"><strong>Piero Mandar\u00e0, presidente in carica<\/strong> del Consiglio comunale di Santa Croce Camerina, comunica ufficialmente la decisione di scendere in campo per le prossime elezioni Amministrative. \u201cMi candido a sindaco \u2013 dice Mandar\u00e0 \u2013. Ho riflettuto a lungo su questa scelta. A risultare decisivi sono stati l\u2019affetto e l\u2019incitamento ricevuti da amici e simpatizzanti, che nel corso delle ultime settimane hanno immaginato insieme a me una proposta di citt\u00e0 per il futuro, individuando nella mia persona la sintesi di un progetto che ci accomuna. E che va ben oltre le ideologie e le inclinazioni politiche \u2013 perfettamente legittime \u2013 di ognuno. L\u2019obiettivo \u00e8 lavorare per il bene della citt\u00e0. Metto la mia esperienza amministrativa a disposizione di Santa Croce, consapevole del fatto che serve un rinnovamento innanzi tutto nel \u2018metodo\u2019: servire la cosa pubblica, a livello locale, \u00e8 un onore, un privilegio, ma soprattutto una grande responsabilit\u00e0. Specie di questi tempi, in cui gli enti locali siciliani versano in condizioni economico-finanziarie drammatiche\u201d.<\/p>\n<p style=\"text-align: justify;\"><strong>Mandar\u00e0, primo degli eletti al Consiglio<\/strong> comunale nel 2017 (con 668 preferenze), \u00e8 gi\u00e0 stato assessore al Comune e all\u2019ex provincia regionale di Ragusa. Dipendente dell\u2019ASP, attualmente ricopre la posizione organizzativa presso la Direzione Sanitaria ed \u00e8 responsabile aziendale del Servizio Civile Universale. \u201cL\u2019ultima stagione politica, che il mio gruppo aveva approcciato con entusiasmo e partecipazione, contribuendo in maniera determinante all\u2019elezione del sindaco Barone, ha deluso le nostre aspettative e non ha saputo garantire alla citt\u00e0 un completo piano di sviluppo e di rilancio &#8211; spiega Mandar\u00e0 -. Per questo, a met\u00e0 della consiliatura, abbiamo preso le distanze dall\u2019operato dell\u2019Amministrazione, pur garantendo un\u2019opposizione costruttiva nell\u2019interesse dei cittadini e dell\u2019ente. Non vogliamo, per\u00f2, che la prossima campagna elettorale risenta dei rigurgiti del passato. Ma, al contrario, pretendiamo diventi terreno fertile per una proposta politica alternativa e trasparente, che premi l\u2019operosit\u00e0 e i sacrifici dei santacrocesi, li faccia riappropriare di un senso di comunit\u00e0 ormai smarrito, e promuova un percorso d\u2019integrazione e convivenza con le altre comunit\u00e0 presenti sul territorio che \u2013 per\u00f2 \u2013 verta essenzialmente sul rispetto delle regole\u201d.<\/p>\n<p style=\"text-align: justify;\"><strong>\u201cVogliamo andare oltre l\u2019ordinaria<\/strong> amministrazione &#8211; spiega il candidato sindaco -. Valorizzando il tessuto urbano ed extraurbano, sfruttando al meglio le opportunit\u00e0 finanziarie che piovono copiose da Roma e Bruxelles, trasformando i finanziamenti in occasioni di crescita sociale ed economica. Vogliamo rivitalizzare il centro storico e le borgate, rafforzare la sinergia coi privati e con le imprese del territorio, investire sul capitale umano e rendere pi\u00f9 efficienti i servizi alla persona, mettere in rete una proposta turistica e culturale di spessore. Ma vogliamo, soprattutto, sostituire le parole e i buoni propositi con l\u2019azione, l\u2019abnegazione, lo studio, la ricerca delle soluzioni. Un team, nato in seno al comitato elettorale, sta gi\u00e0 lavorando a un programma che contenga gli snodi cruciali dell\u2019attivit\u00e0 amministrativa dei prossimi cinque anni. Lo presenteremo al pi\u00f9 presto a tutti i santacrocesi\u201d.<\/p>\n<p style=\"text-align: justify;\"><strong>\u201cChiunque decida di avvicinarsi<\/strong> e condividere il nostro progetto &#8211; conclude Mandar\u00e0 &#8211; \u00e8 il benvenuto. Purch\u00e9 sia disponibile a fare gioco di squadra, senza alimentare personalismi inutili. Se davvero abbiamo a cuore il bene di Santa Croce, bisogna anteporre il \u2018noi\u2019 all\u2019 \u2018io\u2019. Mi sono fatto interprete e garante di questo sentimento, che sar\u00e0 il filo conduttore della prossima campagna elettorale e, se i cittadini lo vorranno, dei prossimi cinque anni. Con lo stesso spirito, faccio un \u2018in bocca al lupo\u2019 agli altri candidati che hanno deciso, come me, di intraprendere questa sfida\u201d.<\/p>\n","protected":false},"excerpt":{"rendered":"<p>Piero Mandar\u00e0, presidente in carica del Consiglio comunale di Santa Croce Camerina, comunica ufficialmente la decisione di scendere in campo per le prossime elezioni Amministrative. \u201cMi candido a sindaco \u2013 dice Mandar\u00e0 \u2013. Ho riflettuto a lungo su questa scelta. A risultare decisivi sono stati l\u2019affetto e l\u2019incitamento ricevuti da amici e simpatizzanti, che nel [&hellip;]<\/p>\n","protected":false},"author":34,"featured_media":77170,"comment_status":"closed","ping_status":"open","sticky":false,"template":"","format":"standard","meta":{"footnotes":""},"categories":[4],"tags":[153,139],"class_list":["post-77169","post","type-post","status-publish","format-standard","has-post-thumbnail","hentry","category-politica","tag-piero-mandara","tag-santa-croce-camerina"],"_links":{"self":[{"href":"https:\/\/www.santacroceweb.com\/index.php\/wp-json\/wp\/v2\/posts\/77169","targetHints":{"allow":["GET"]}}],"collection":[{"href":"https:\/\/www.santacroceweb.com\/index.php\/wp-json\/wp\/v2\/posts"}],"about":[{"href":"https:\/\/www.santacroceweb.com\/index.php\/wp-json\/wp\/v2\/types\/post"}],"author":[{"embeddable":true,"href":"https:\/\/www.santacroceweb.com\/index.php\/wp-json\/wp\/v2\/users\/34"}],"replies":[{"embeddable":true,"href":"https:\/\/www.santacroceweb.com\/index.php\/wp-json\/wp\/v2\/comments?post=77169"}],"version-history":[{"count":0,"href":"https:\/\/www.santacroceweb.com\/index.php\/wp-json\/wp\/v2\/posts\/77169\/revisions"}],"wp:featuredmedia":[{"embeddable":true,"href":"https:\/\/www.santacroceweb.com\/index.php\/wp-json\/wp\/v2\/media\/77170"}],"wp:attachment":[{"href":"https:\/\/www.santacroceweb.com\/index.php\/wp-json\/wp\/v2\/media?parent=77169"}],"wp:term":[{"taxonomy":"category","embeddable":true,"href":"https:\/\/www.santacroceweb.com\/index.php\/wp-json\/wp\/v2\/categories?post=77169"},{"taxonomy":"post_tag","embeddable":true,"href":"https:\/\/www.santacroceweb.com\/index.php\/wp-json\/wp\/v2\/tags?post=77169"}],"curies":[{"name":"wp","href":"https:\/\/api.w.org\/{rel}","templated":true}]}}