{"id":77172,"date":"2022-02-13T09:34:23","date_gmt":"2022-02-13T08:34:23","guid":{"rendered":"https:\/\/www.santacroceweb.com\/?p=77172"},"modified":"2022-02-13T09:35:01","modified_gmt":"2022-02-13T08:35:01","slug":"la-nuova-ragusa-catania-sbatte-sullimmobilismo-della-politica","status":"publish","type":"post","link":"https:\/\/www.santacroceweb.com\/index.php\/2022\/02\/13\/la-nuova-ragusa-catania-sbatte-sullimmobilismo-della-politica\/","title":{"rendered":"La nuova Ragusa-Catania sbatte sull&#8217;immobilismo della politica"},"content":{"rendered":"<p style=\"text-align: justify;\"><strong>La richiesta di \u00abprovvedere<\/strong>\u00a0senza indugio\u00bb all\u2019approvazione del progetto esecutivo della Ragusa-Catania e \u00aba tutti gli atti relativi all\u2019indizione e all\u2019espletamento delle procedure di gara\u00bb. Sono i contenuti di una lettera inviata ai vertici nazionali dell\u2019Anas dal presidente della Regione Siciliana, Nello Musumeci, in qualit\u00e0 di commissario straordinario dell\u2019infrastruttura. La nota arriva dopo la registrazione, avvenuta ieri, da parte della Corte dei Conti, della delibera del Cipess con cui si recepiva la riprogrammazione dei fondi Poc all\u2019interno dei quali \u00e8 prevista una significativa quota di partecipazione della Regione pari a 217 milioni di euro per realizzare la Ragusa-Catania.<\/p>\n<p style=\"text-align: justify;\"><strong>Nella stessa lettera, il governatore<\/strong> siciliano chiede di poter \u00abricevere rassicurazioni in ordine all\u2019aggiornamento del prezzario dei lavori pubblici medio tempore entrato in vigore, in quanto questione di carattere generale per tutte le opere in corso di realizzazione. Sul punto, dal momento che il quadro economico dell\u2019infrastruttura \u00e8 stato gi\u00e0, molto di recente, rimodulato e, comunque, si trova a uno stadio avanzatissimo di programmazione \u2013 continua Musumeci \u2013 auspico vivamente che detta ulteriore evenienza non determini ulteriori rallentamenti nel percorso intrapreso\u00bb.<\/p>\n<p style=\"text-align: justify;\"><strong>Ma sull\u2019altro fronte \u00e8 Cancelleri<\/strong>\u00a0a richiamare il governatore alle proprie responsabilit\u00e0: \u201cApprendo che, in seguito alla registrazione da parte della Corte dei Conti del piano economico della Ragusa-Catania, il Presidente Musumeci, che ricordiamo essere il commissario straordinario dell\u2019opera, torna ancora una volta a chiedere ad Anas ci\u00f2 per cui lui, da commissario straordinario, ha potere di fare. Come se non fosse bastato il ritardo di queste ultime settimane, causato dalla Regione in seguito alla modifica del piano economico dell\u2019opera per cui si \u00e8 resa necessaria una ulteriore approvazione della Corte dei Conti. Ricordo ancora una volta che l\u2019art 4 comma 2 del dl sblocca cantieri cos\u00ec dispone \u201ci commissari straordinari provvedono all\u2019eventuale rielaborazione e approvazione dei progetti non ancora appaltati. L\u2019approvazione dei progetti da parte dei Commissari straordinari, d\u2019intesa con i Presidenti delle regioni territorialmente competenti, sostituisce, ad ogni effetto di legge, ogni autorizzazione, parere, visto e nulla osta occorrenti per l\u2019avvio o la prosecuzione dei lavori, fatta eccezione per quelli relativi alla tutela ambientale\u201d. Il commissario straordinario, ovvero il Presidente Musumeci, avrebbe gi\u00e0 potuto approvare e mandare in gara l\u2019opera entro la fine del 2021, invece aspetta e chiede sempre ad altri, cos\u00ec abbiamo gi\u00e0 accumulato un ulteriore mese di ritardo perch\u00e9 non applica i poteri da commissario. Auspico che Musumeci invece di continuare a scrivere lettere, utilizzi i poteri straordinari da commissario, o lasci questo incarico a chi ha pi\u00f9 coraggio di lui per l\u2019avvio di quest\u2019opera e per il bene del territorio interessato\u201d.<\/p>\n","protected":false},"excerpt":{"rendered":"<p>La richiesta di \u00abprovvedere\u00a0senza indugio\u00bb all\u2019approvazione del progetto esecutivo della Ragusa-Catania e \u00aba tutti gli atti relativi all\u2019indizione e all\u2019espletamento delle procedure di gara\u00bb. Sono i contenuti di una lettera inviata ai vertici nazionali dell\u2019Anas dal presidente della Regione Siciliana, Nello Musumeci, in qualit\u00e0 di commissario straordinario dell\u2019infrastruttura. La nota arriva dopo la registrazione, avvenuta [&hellip;]<\/p>\n","protected":false},"author":34,"featured_media":77173,"comment_status":"closed","ping_status":"open","sticky":false,"template":"","format":"standard","meta":{"footnotes":""},"categories":[8,22],"tags":[463,151],"class_list":["post-77172","post","type-post","status-publish","format-standard","has-post-thumbnail","hentry","category-attualita","category-provincia","tag-catania","tag-ragusa"],"_links":{"self":[{"href":"https:\/\/www.santacroceweb.com\/index.php\/wp-json\/wp\/v2\/posts\/77172","targetHints":{"allow":["GET"]}}],"collection":[{"href":"https:\/\/www.santacroceweb.com\/index.php\/wp-json\/wp\/v2\/posts"}],"about":[{"href":"https:\/\/www.santacroceweb.com\/index.php\/wp-json\/wp\/v2\/types\/post"}],"author":[{"embeddable":true,"href":"https:\/\/www.santacroceweb.com\/index.php\/wp-json\/wp\/v2\/users\/34"}],"replies":[{"embeddable":true,"href":"https:\/\/www.santacroceweb.com\/index.php\/wp-json\/wp\/v2\/comments?post=77172"}],"version-history":[{"count":0,"href":"https:\/\/www.santacroceweb.com\/index.php\/wp-json\/wp\/v2\/posts\/77172\/revisions"}],"wp:featuredmedia":[{"embeddable":true,"href":"https:\/\/www.santacroceweb.com\/index.php\/wp-json\/wp\/v2\/media\/77173"}],"wp:attachment":[{"href":"https:\/\/www.santacroceweb.com\/index.php\/wp-json\/wp\/v2\/media?parent=77172"}],"wp:term":[{"taxonomy":"category","embeddable":true,"href":"https:\/\/www.santacroceweb.com\/index.php\/wp-json\/wp\/v2\/categories?post=77172"},{"taxonomy":"post_tag","embeddable":true,"href":"https:\/\/www.santacroceweb.com\/index.php\/wp-json\/wp\/v2\/tags?post=77172"}],"curies":[{"name":"wp","href":"https:\/\/api.w.org\/{rel}","templated":true}]}}