{"id":78122,"date":"2022-06-14T08:03:38","date_gmt":"2022-06-14T06:03:38","guid":{"rendered":"https:\/\/www.santacroceweb.com\/?p=78122"},"modified":"2022-06-14T15:20:52","modified_gmt":"2022-06-14T13:20:52","slug":"il-nuovo-consiglio-comunale-micieli-primo-eletto-ecco-le-preferenze","status":"publish","type":"post","link":"https:\/\/www.santacroceweb.com\/index.php\/2022\/06\/14\/il-nuovo-consiglio-comunale-micieli-primo-eletto-ecco-le-preferenze\/","title":{"rendered":"Il nuovo Consiglio comunale: Micieli primo eletto, ecco le preferenze"},"content":{"rendered":"<p style=\"text-align: justify;\"><strong>Antonio Micieli \u00e8 risultato il primo<\/strong> degli eletti al Consiglio comunale di Santa Croce, con 352 preferenze. Nella lista Cambia Verso \u00e8 seguito da Concetta Cilia, con 283, e Luca Agnello, con 244. Il primo degli esclusi, invece, \u00e8 Andrea Barbaro, con 119. Il leader dell&#8217;opposizione sar\u00e0 Piero Mandar\u00e0, in qualit\u00e0 di secondo arrivato. Al suo fianco siederanno: Alessio Mandar\u00e0, che ha ottenuto 323 preferenze, Eva Fidone (245) e Gaetano Riva (163). Ecco il quadro completo.<\/p>\n<p><img fetchpriority=\"high\" decoding=\"async\" class=\"alignnone size-full wp-image-78123 lazyload\" src=\"data:image\/gif;base64,R0lGODlhAQABAAAAACH5BAEKAAEALAAAAAABAAEAAAICTAEAOw==\" data-src=\"https:\/\/www.santacroceweb.com\/giornale1\/wp-content\/uploads\/2022\/06\/WhatsApp-Image-2022-06-14-at-00.32.26.jpeg\" alt=\"\" width=\"678\" height=\"1024\" \/><\/p>\n","protected":false},"excerpt":{"rendered":"<p>Antonio Micieli \u00e8 risultato il primo degli eletti al Consiglio comunale di Santa Croce, con 352 preferenze. Nella lista Cambia Verso \u00e8 seguito da Concetta Cilia, con 283, e Luca Agnello, con 244. Il primo degli esclusi, invece, \u00e8 Andrea Barbaro, con 119. Il leader dell&#8217;opposizione sar\u00e0 Piero Mandar\u00e0, in qualit\u00e0 di secondo arrivato. Al [&hellip;]<\/p>\n","protected":false},"author":34,"featured_media":78124,"comment_status":"closed","ping_status":"open","sticky":false,"template":"","format":"standard","meta":{"footnotes":""},"categories":[4],"tags":[704,925,1074,1073],"class_list":["post-78122","post","type-post","status-publish","format-standard","has-post-thumbnail","hentry","category-politica","tag-alessio-mandara","tag-antonio-micieli","tag-concetta-cilia","tag-eva-fidone"],"_links":{"self":[{"href":"https:\/\/www.santacroceweb.com\/index.php\/wp-json\/wp\/v2\/posts\/78122","targetHints":{"allow":["GET"]}}],"collection":[{"href":"https:\/\/www.santacroceweb.com\/index.php\/wp-json\/wp\/v2\/posts"}],"about":[{"href":"https:\/\/www.santacroceweb.com\/index.php\/wp-json\/wp\/v2\/types\/post"}],"author":[{"embeddable":true,"href":"https:\/\/www.santacroceweb.com\/index.php\/wp-json\/wp\/v2\/users\/34"}],"replies":[{"embeddable":true,"href":"https:\/\/www.santacroceweb.com\/index.php\/wp-json\/wp\/v2\/comments?post=78122"}],"version-history":[{"count":0,"href":"https:\/\/www.santacroceweb.com\/index.php\/wp-json\/wp\/v2\/posts\/78122\/revisions"}],"wp:featuredmedia":[{"embeddable":true,"href":"https:\/\/www.santacroceweb.com\/index.php\/wp-json\/wp\/v2\/media\/78124"}],"wp:attachment":[{"href":"https:\/\/www.santacroceweb.com\/index.php\/wp-json\/wp\/v2\/media?parent=78122"}],"wp:term":[{"taxonomy":"category","embeddable":true,"href":"https:\/\/www.santacroceweb.com\/index.php\/wp-json\/wp\/v2\/categories?post=78122"},{"taxonomy":"post_tag","embeddable":true,"href":"https:\/\/www.santacroceweb.com\/index.php\/wp-json\/wp\/v2\/tags?post=78122"}],"curies":[{"name":"wp","href":"https:\/\/api.w.org\/{rel}","templated":true}]}}