{"id":78150,"date":"2022-06-18T12:03:35","date_gmt":"2022-06-18T10:03:35","guid":{"rendered":"https:\/\/www.santacroceweb.com\/?p=78150"},"modified":"2022-06-20T08:10:28","modified_gmt":"2022-06-20T06:10:28","slug":"mandara-prove-dopposizione-zero-sconti-pretendiamo-trasparenza","status":"publish","type":"post","link":"https:\/\/www.santacroceweb.com\/index.php\/2022\/06\/18\/mandara-prove-dopposizione-zero-sconti-pretendiamo-trasparenza\/","title":{"rendered":"Mandar\u00e0, prime prove d&#8217;opposizione: &#8220;Zero sconti. Serve trasparenza&#8221;"},"content":{"rendered":"<p style=\"text-align: justify;\"><strong>E\u2019 tempo di riavviare i motori.<\/strong> A meno di una settimana dalla sconfitta elettorale, Piero Mandar\u00e0 \u00e8 gi\u00e0 in campo. Per quella che lui stesso definisce \u201cun\u2019opposizione attenta, dura se necessario, che non conceder\u00e0 sconti all\u2019Amministrazione\u201d. Il gruppo di Insieme per Santa Croce, capitanato dal presidente del Consiglio uscente, conta anche sulla presenza di Alessio Mandar\u00e0, Eva Fidone e Gaetano Riva. \u201cAbbiamo condotto una campagna elettorale sui temi e sui valori \u2013 spiega Mandar\u00e0 \u2013. Rifarei tutto: la nostra idea di politica si fonda sulla competenza, sulla statura morale delle persone che vanno a rappresentare le istituzioni, sulla trasparenza amministrativa. I cittadini, ai quali va il mio ringraziamento, hanno deciso che avrei dovuto essere il leader dell\u2019opposizione e mi far\u00f2 carico di questo impegno. Metteremo al servizio di Santa Croce le nostre idee e combatteremo, all\u2019interno del palazzo, le eventuali storture\u201d.<\/p>\n<p style=\"text-align: justify;\"><strong>\u201cNon sar\u00e0 un\u2019opposizione preconcetta<\/strong>, ma rigida\u201d, spiega Mandar\u00e0. Che poi passa in rassegna <span style=\"text-decoration: underline;\"><a href=\"https:\/\/www.santacroceweb.com\/index.php\/2022\/06\/17\/ecco-la-giunta-dimartino-dentro-gambino-e-barone-non-ce-agnello\/\" target=\"_blank\" rel=\"noopener\">la nuova giunta<\/a><\/span>: \u201cCi sorprende un simile accentramento di deleghe nelle mani di un super assessore il cui gradimento elettorale, numeri alla mano, \u00e8 moderato. Inoltre, siamo curiosi di scoprire le capacit\u00e0 dei nuovi assessori all\u2019Urbanistica e all\u2019Istruzione, sui quali non abbiamo alcun riscontro pregresso. Io, ad esempio, non li ho mai visti partecipare a una seduta del Consiglio comunale\u2026 Spero che questa imposizione del \u201cnuovo\u201d non comporti squilibri o scompensi nell\u2019azione amministrativa o, ancor peggio, inutili perdite di tempo. Perch\u00e9 Santa Croce non ha tempo da perdere\u201d. \u201cIl sindaco Dimartino dovr\u00e0 essere il sindaco di tutti \u2013 aggiunge Mandar\u00e0 \u2013 non soltanto a parole, ma coi fatti\u201d.<\/p>\n<p style=\"text-align: justify;\"><strong>\u201cOgni atto esitato dalla giunta dovr\u00e0<\/strong> essere trasparente, su questo non faremo passi indietro. Era uno dei punti fondanti del nostro programma e l\u2019Amministrazione dovr\u00e0 farsene carico \u2013 aggiunge il presidente del Consiglio uscente \u2013 Non metto bocca sui doppi ruoli in seno alla compagine \u2018Cambia Verso\u2019, ma appare fin troppo ovvio che le premesse fossero diverse, e qualcuno del gruppo ha gi\u00e0 esternato qualche rimostranza. Pretendiamo che l\u2019azione politica sia orientata al bene collettivo, e che il livello di partecipazione promesso in campagna elettorale sia effettivamente garantito\u201d.<\/p>\n<p style=\"text-align: justify;\"><strong>La stagione estiva \u00e8 ai nastri di partenza:<\/strong> \u201cGrazie al voto del mio gruppo in Consiglio comunale, questa Amministrazione potr\u00e0 beneficiare di un Bilancio gi\u00e0 approvato ed operativo nel giro di pochissimi giorni. Il caso ha voluto che alcuni dei consiglieri, che oggi fanno parte di quella compagine, in aula si fossero astenuti. Poco male. Da parte loro non ci aspettiamo un \u2018grazie\u2019, ma pretendiamo un atto di responsabilit\u00e0 per tutti i cittadini di Santa Croce che, nei prossimi giorni, si aspettano l\u2019erogazione di servizi adeguati nelle borgate e in paese\u201d. E ancora: \u201cLa campagna elettorale \u00e8 finita \u2013 rimarca Mandar\u00e0 -. Il tempo delle belle parole si \u00e8 esaurito. Ora \u00e8 il momento di pesare le azioni: noi saremo l\u00ec a dare una mano, quando lo riterremo utile, ma soprattutto a vigilare con seriet\u00e0 sull\u2019operato del sindaco e della sua giunta\u201d.<\/p>\n","protected":false},"excerpt":{"rendered":"<p>E\u2019 tempo di riavviare i motori. A meno di una settimana dalla sconfitta elettorale, Piero Mandar\u00e0 \u00e8 gi\u00e0 in campo. Per quella che lui stesso definisce \u201cun\u2019opposizione attenta, dura se necessario, che non conceder\u00e0 sconti all\u2019Amministrazione\u201d. Il gruppo di Insieme per Santa Croce, capitanato dal presidente del Consiglio uscente, conta anche sulla presenza di Alessio [&hellip;]<\/p>\n","protected":false},"author":34,"featured_media":78151,"comment_status":"closed","ping_status":"open","sticky":false,"template":"","format":"standard","meta":{"footnotes":""},"categories":[4],"tags":[704,1073,1034,1039,153],"class_list":["post-78150","post","type-post","status-publish","format-standard","has-post-thumbnail","hentry","category-politica","tag-alessio-mandara","tag-eva-fidone","tag-gaetano-riva","tag-insieme-per-santa-croce","tag-piero-mandara"],"_links":{"self":[{"href":"https:\/\/www.santacroceweb.com\/index.php\/wp-json\/wp\/v2\/posts\/78150","targetHints":{"allow":["GET"]}}],"collection":[{"href":"https:\/\/www.santacroceweb.com\/index.php\/wp-json\/wp\/v2\/posts"}],"about":[{"href":"https:\/\/www.santacroceweb.com\/index.php\/wp-json\/wp\/v2\/types\/post"}],"author":[{"embeddable":true,"href":"https:\/\/www.santacroceweb.com\/index.php\/wp-json\/wp\/v2\/users\/34"}],"replies":[{"embeddable":true,"href":"https:\/\/www.santacroceweb.com\/index.php\/wp-json\/wp\/v2\/comments?post=78150"}],"version-history":[{"count":0,"href":"https:\/\/www.santacroceweb.com\/index.php\/wp-json\/wp\/v2\/posts\/78150\/revisions"}],"wp:featuredmedia":[{"embeddable":true,"href":"https:\/\/www.santacroceweb.com\/index.php\/wp-json\/wp\/v2\/media\/78151"}],"wp:attachment":[{"href":"https:\/\/www.santacroceweb.com\/index.php\/wp-json\/wp\/v2\/media?parent=78150"}],"wp:term":[{"taxonomy":"category","embeddable":true,"href":"https:\/\/www.santacroceweb.com\/index.php\/wp-json\/wp\/v2\/categories?post=78150"},{"taxonomy":"post_tag","embeddable":true,"href":"https:\/\/www.santacroceweb.com\/index.php\/wp-json\/wp\/v2\/tags?post=78150"}],"curies":[{"name":"wp","href":"https:\/\/api.w.org\/{rel}","templated":true}]}}