{"id":78190,"date":"2022-06-23T10:40:18","date_gmt":"2022-06-23T08:40:18","guid":{"rendered":"https:\/\/www.santacroceweb.com\/?p=78190"},"modified":"2022-06-23T10:40:18","modified_gmt":"2022-06-23T08:40:18","slug":"unenorme-fumarola-infesta-laria-di-punta-secca-arrivano-i-pompieri","status":"publish","type":"post","link":"https:\/\/www.santacroceweb.com\/index.php\/2022\/06\/23\/unenorme-fumarola-infesta-laria-di-punta-secca-arrivano-i-pompieri\/","title":{"rendered":"Un&#8217;enorme fumarola infesta l&#8217;aria di Punta Secca: arrivano i pompieri"},"content":{"rendered":"<p style=\"text-align: justify;\"><strong>Un insopportabile odore acre, per tutta<\/strong> la serata di ieri, ha infestato il borgo di Punta Secca. Il motivo? L\u2019accensione improvvida di una fumarola, trasformatasi in incendio, che ha riservato effetti \u2018tossici\u2019 a residenti e avventori. La segnalazione \u00e8 giunta via Facebook dall\u2019ex consigliera comunale Giusy Zisa: \u201cPunta Secca \u2013 ha scritto poco prima delle 22 &#8211; \u00e8 invasa dal fumo, avvolta da una nebbia irrespirabile fin verso Caucana: bruciano gli occhi e non si respira! Chi dobbiamo ringraziare stavolta?\u201d. A stretto giro di posta si sono moltiplicati i commenti: \u201cStanno inaugurando la stagione estiva \u2013 suggerisce una utente &#8211; L\u2019ignoranza spopola quando non ci sono controlli e quindi le persone si sentono autorizzate a fare tutto. I turisti che si trovano a Punta Secca stasera \u00e8 sicuro che non torneranno pi\u00f9&#8221;.<\/p>\n<p style=\"text-align: justify;\"><strong>Le voci sono giunte a palazzo di Citt\u00e0<\/strong>, dove il neo sindaco Dimartino ha chiesto l\u2019intervento del gruppo \u2018Tutela del territorio\u2019 della Protezione civile comunale: \u201cLa provenienza della notevole emissione di fumo che sta interessando il centro abitato di Punta Secca \u00e8 stata localizzata e si sta procedendo alla constatazione di rito. \u00c8 stato inoltre richiesto l&#8217;intervento di una squadra dei Vigili del Fuoco\u201d, ha postato il sindaco. La situazione, grazie all\u2019intervento dei pompieri, \u00e8 stata ricondotta alla normalit\u00e0, ma questo fenomeno non \u00e8 poi cos\u00ec normale. Molte persone, per smaltire la plastica o gli scarti della potatura, sono soliti utilizzare queste pratiche vietate. Sperando (o sapendo?) di passarla liscia\u2026<\/p>\n","protected":false},"excerpt":{"rendered":"<p>Un insopportabile odore acre, per tutta la serata di ieri, ha infestato il borgo di Punta Secca. Il motivo? L\u2019accensione improvvida di una fumarola, trasformatasi in incendio, che ha riservato effetti \u2018tossici\u2019 a residenti e avventori. La segnalazione \u00e8 giunta via Facebook dall\u2019ex consigliera comunale Giusy Zisa: \u201cPunta Secca \u2013 ha scritto poco prima delle [&hellip;]<\/p>\n","protected":false},"author":34,"featured_media":78191,"comment_status":"closed","ping_status":"open","sticky":false,"template":"","format":"standard","meta":{"footnotes":""},"categories":[7],"tags":[361,1000,319,143,398],"class_list":["post-78190","post","type-post","status-publish","format-standard","has-post-thumbnail","hentry","category-cronaca","tag-giusy-zisa","tag-peppe-dimartino","tag-protezione-civile","tag-punta-secca","tag-vigili-del-fuoco"],"_links":{"self":[{"href":"https:\/\/www.santacroceweb.com\/index.php\/wp-json\/wp\/v2\/posts\/78190","targetHints":{"allow":["GET"]}}],"collection":[{"href":"https:\/\/www.santacroceweb.com\/index.php\/wp-json\/wp\/v2\/posts"}],"about":[{"href":"https:\/\/www.santacroceweb.com\/index.php\/wp-json\/wp\/v2\/types\/post"}],"author":[{"embeddable":true,"href":"https:\/\/www.santacroceweb.com\/index.php\/wp-json\/wp\/v2\/users\/34"}],"replies":[{"embeddable":true,"href":"https:\/\/www.santacroceweb.com\/index.php\/wp-json\/wp\/v2\/comments?post=78190"}],"version-history":[{"count":0,"href":"https:\/\/www.santacroceweb.com\/index.php\/wp-json\/wp\/v2\/posts\/78190\/revisions"}],"wp:featuredmedia":[{"embeddable":true,"href":"https:\/\/www.santacroceweb.com\/index.php\/wp-json\/wp\/v2\/media\/78191"}],"wp:attachment":[{"href":"https:\/\/www.santacroceweb.com\/index.php\/wp-json\/wp\/v2\/media?parent=78190"}],"wp:term":[{"taxonomy":"category","embeddable":true,"href":"https:\/\/www.santacroceweb.com\/index.php\/wp-json\/wp\/v2\/categories?post=78190"},{"taxonomy":"post_tag","embeddable":true,"href":"https:\/\/www.santacroceweb.com\/index.php\/wp-json\/wp\/v2\/tags?post=78190"}],"curies":[{"name":"wp","href":"https:\/\/api.w.org\/{rel}","templated":true}]}}