{"id":78408,"date":"2022-07-14T10:30:48","date_gmt":"2022-07-14T08:30:48","guid":{"rendered":"https:\/\/www.santacroceweb.com\/?p=78408"},"modified":"2022-07-14T18:01:40","modified_gmt":"2022-07-14T16:01:40","slug":"tragedia-sulla-sp-malavita-perde-la-vita-un-santacrocese-di-32-anni","status":"publish","type":"post","link":"https:\/\/www.santacroceweb.com\/index.php\/2022\/07\/14\/tragedia-sulla-sp-malavita-perde-la-vita-un-santacrocese-di-32-anni\/","title":{"rendered":"Tragedia sulla Malavita: perde la vita Giovanni Rizzo. Sabato i funerali"},"content":{"rendered":"<p style=\"text-align: justify;\"><strong>E\u2019 Giovanni Rizzo, ragazzo santacrocese di 31 anni,<\/strong> la vittima di un incidente stradale avvenuto mercoled\u00ec pomeriggio, intorno alle 19, nei pressi dell\u2019ospedale Giovanni Paolo II, sulla sp 60 Malavita. Al giovane, che viaggiava a bordo di una moto, \u00e8 stato fatale l\u2019impatto con un\u2019auto. Giovanni, che lavorava presso un noto supermercato, sarebbe morto sul colpo. Inutili i tentativi di soccorso. Gli uomini della polizia municipale, intervenuti sul posto, hanno sequestrato i mezzi coinvolti (come sempre avviene in casi del genere) e cercano testimoni che abbiano potuto vedere com&#8217;\u00e8 andata. Al vaglio anche le telecamere di videosorveglianza di alcune attivit\u00e0 commerciali della zona.<\/p>\n<p style=\"text-align: justify;\"><strong>I funerali si terranno sabato mattina<\/strong>, alle 10, presso la Chiesa Madre di Santa Croce. Il Comune di Santa Croce ha proclamato il lutto cittadino in concomitanza con la celebrazione delle esequie. &#8220;Si invitano i concittadini, i titolari di attivit\u00e0 commerciali e le associazioni locali, ad esprimere la loro partecipazione al lutto cittadino mediante la sospensione delle attivit\u00e0 o, in caso di impossibilit\u00e0, nella forma ritenuta pi\u00f9 consona a manifestare l&#8217;adesione al cordoglio della comunit\u00e0, in segno di raccoglimento e rispetto dalle ore 10 di sabato 16 luglio 2022 e sino al termine della cerimonia funebre&#8221;. Alla famiglia va il pensiero di tutta la comunit\u00e0 santacrocese e del nostro giornale.<\/p>\n<p><img fetchpriority=\"high\" decoding=\"async\" class=\"alignnone size-full wp-image-78435 lazyload\" src=\"data:image\/gif;base64,R0lGODlhAQABAAAAACH5BAEKAAEALAAAAAABAAEAAAICTAEAOw==\" data-src=\"https:\/\/www.santacroceweb.com\/giornale1\/wp-content\/uploads\/2022\/07\/manifesto-rizzo.jpeg\" alt=\"\" width=\"1600\" height=\"1163\" data-sizes=\"auto\" data-srcset=\"https:\/\/www.santacroceweb.com\/giornale1\/wp-content\/uploads\/2022\/07\/manifesto-rizzo.jpeg 1600w, https:\/\/www.santacroceweb.com\/giornale1\/wp-content\/uploads\/2022\/07\/manifesto-rizzo-1536x1116.jpeg 1536w\" sizes=\"(max-width: 1600px) 100vw, 1600px\" \/><\/p>\n","protected":false},"excerpt":{"rendered":"<p>E\u2019 Giovanni Rizzo, ragazzo santacrocese di 31 anni, la vittima di un incidente stradale avvenuto mercoled\u00ec pomeriggio, intorno alle 19, nei pressi dell\u2019ospedale Giovanni Paolo II, sulla sp 60 Malavita. Al giovane, che viaggiava a bordo di una moto, \u00e8 stato fatale l\u2019impatto con un\u2019auto. Giovanni, che lavorava presso un noto supermercato, sarebbe morto sul [&hellip;]<\/p>\n","protected":false},"author":34,"featured_media":78417,"comment_status":"closed","ping_status":"open","sticky":false,"template":"","format":"standard","meta":{"footnotes":""},"categories":[7],"tags":[1098,139,1101],"class_list":["post-78408","post","type-post","status-publish","format-standard","has-post-thumbnail","hentry","category-cronaca","tag-giovanni-rizzo","tag-santa-croce-camerina","tag-sp-60-malavita"],"_links":{"self":[{"href":"https:\/\/www.santacroceweb.com\/index.php\/wp-json\/wp\/v2\/posts\/78408","targetHints":{"allow":["GET"]}}],"collection":[{"href":"https:\/\/www.santacroceweb.com\/index.php\/wp-json\/wp\/v2\/posts"}],"about":[{"href":"https:\/\/www.santacroceweb.com\/index.php\/wp-json\/wp\/v2\/types\/post"}],"author":[{"embeddable":true,"href":"https:\/\/www.santacroceweb.com\/index.php\/wp-json\/wp\/v2\/users\/34"}],"replies":[{"embeddable":true,"href":"https:\/\/www.santacroceweb.com\/index.php\/wp-json\/wp\/v2\/comments?post=78408"}],"version-history":[{"count":0,"href":"https:\/\/www.santacroceweb.com\/index.php\/wp-json\/wp\/v2\/posts\/78408\/revisions"}],"wp:featuredmedia":[{"embeddable":true,"href":"https:\/\/www.santacroceweb.com\/index.php\/wp-json\/wp\/v2\/media\/78417"}],"wp:attachment":[{"href":"https:\/\/www.santacroceweb.com\/index.php\/wp-json\/wp\/v2\/media?parent=78408"}],"wp:term":[{"taxonomy":"category","embeddable":true,"href":"https:\/\/www.santacroceweb.com\/index.php\/wp-json\/wp\/v2\/categories?post=78408"},{"taxonomy":"post_tag","embeddable":true,"href":"https:\/\/www.santacroceweb.com\/index.php\/wp-json\/wp\/v2\/tags?post=78408"}],"curies":[{"name":"wp","href":"https:\/\/api.w.org\/{rel}","templated":true}]}}