{"id":78412,"date":"2022-07-13T21:08:08","date_gmt":"2022-07-13T19:08:08","guid":{"rendered":"https:\/\/www.santacroceweb.com\/?p=78412"},"modified":"2022-07-14T17:56:43","modified_gmt":"2022-07-14T15:56:43","slug":"quel-banco-dellortofrutta-non-sara-piu-lo-stesso-addio-per-sempre-gio","status":"publish","type":"post","link":"https:\/\/www.santacroceweb.com\/index.php\/2022\/07\/13\/quel-banco-dellortofrutta-non-sara-piu-lo-stesso-addio-per-sempre-gio\/","title":{"rendered":"Quel banco dell&#8217;ortofrutta non sar\u00e0 pi\u00f9 lo stesso: addio per sempre, Gi\u00f2"},"content":{"rendered":"<p style=\"text-align: justify;\"><strong>La cronaca impone di parlarne,<\/strong> quando \u2013 forse \u2013 basterebbe il silenzio e una preghiera. Magari qualche minuto di riflessione sul valore della vita e, soprattutto, sul valore delle persone. Su quanto sia importante coltivare i rapporti e, soprattutto, saperli gestire. Alimentarli sempre di amicizia nuova. Di gesti utili e di parole gentili.<\/p>\n<p><strong>Spesso ce ne dimentichiamo.<\/strong><\/p>\n<p style=\"text-align: justify;\"><strong>Parlare della morte, di per s\u00e9, \u00e8 inutile.<\/strong> Quando lo fai s\u2019\u00e8 gi\u00e0 portata via qualcuno. Non fa sconti e non concede seconde chance. L\u2019unica cosa che non riesce a fare \u2013 giammai \u2013 \u00e8 cancellare il ricordo e il vissuto. Le cose viste e sentite.<\/p>\n<p style=\"text-align: justify;\"><strong>Di Giovanni, nostro \u201cfratello\u201d<\/strong>, tutti dicevano un gran bene. Chi l\u2019ha frequentato non pu\u00f2 che confermare. Chi l\u2019ha conosciuto tra i banchi dell\u2019ortofrutta, attraverso un gesto cordiale, ha apprezzato la sua stoffa di persona gentile, affabile, generosa. Ne ha colto, dietro l\u2019uso pacato e sobrio dei social, l\u2019attivismo civico, l\u2019amore ammaccato e sofferente per il suo paese, la forza di idee mai banali. Il tifo per la squadra del cuore, le amicizie pi\u00f9 profonde e l\u2019amore per una ragazza che non lo riavr\u00e0.<\/p>\n<p style=\"text-align: justify;\"><strong>Mercoled\u00ec la comunit\u00e0 di Santa Croce<\/strong> ha perso un amico e un ragazzo per bene. E il nostro cordoglio, il cordoglio di tutti, non servir\u00e0 a riportarlo fra noi. N\u00e9 far\u00e0 da scudo alla sofferenza immane di una famiglia mozzata dalla strada. Distrutta. Non ci rimane che la forza del coraggio, e un tentativo \u2013 forse sterile, o forse no &#8211; di provare a darne a chi in queste ore lo richiede in silenzio. Pronunciando, magari, una semplice preghiera. Ciao Gi\u00f2.<\/p>\n","protected":false},"excerpt":{"rendered":"<p>La cronaca impone di parlarne, quando \u2013 forse \u2013 basterebbe il silenzio e una preghiera. Magari qualche minuto di riflessione sul valore della vita e, soprattutto, sul valore delle persone. Su quanto sia importante coltivare i rapporti e, soprattutto, saperli gestire. Alimentarli sempre di amicizia nuova. Di gesti utili e di parole gentili. Spesso ce [&hellip;]<\/p>\n","protected":false},"author":11,"featured_media":78413,"comment_status":"closed","ping_status":"open","sticky":false,"template":"","format":"standard","meta":{"footnotes":""},"categories":[7],"tags":[1098],"class_list":["post-78412","post","type-post","status-publish","format-standard","has-post-thumbnail","hentry","category-cronaca","tag-giovanni-rizzo"],"_links":{"self":[{"href":"https:\/\/www.santacroceweb.com\/index.php\/wp-json\/wp\/v2\/posts\/78412","targetHints":{"allow":["GET"]}}],"collection":[{"href":"https:\/\/www.santacroceweb.com\/index.php\/wp-json\/wp\/v2\/posts"}],"about":[{"href":"https:\/\/www.santacroceweb.com\/index.php\/wp-json\/wp\/v2\/types\/post"}],"author":[{"embeddable":true,"href":"https:\/\/www.santacroceweb.com\/index.php\/wp-json\/wp\/v2\/users\/11"}],"replies":[{"embeddable":true,"href":"https:\/\/www.santacroceweb.com\/index.php\/wp-json\/wp\/v2\/comments?post=78412"}],"version-history":[{"count":0,"href":"https:\/\/www.santacroceweb.com\/index.php\/wp-json\/wp\/v2\/posts\/78412\/revisions"}],"wp:featuredmedia":[{"embeddable":true,"href":"https:\/\/www.santacroceweb.com\/index.php\/wp-json\/wp\/v2\/media\/78413"}],"wp:attachment":[{"href":"https:\/\/www.santacroceweb.com\/index.php\/wp-json\/wp\/v2\/media?parent=78412"}],"wp:term":[{"taxonomy":"category","embeddable":true,"href":"https:\/\/www.santacroceweb.com\/index.php\/wp-json\/wp\/v2\/categories?post=78412"},{"taxonomy":"post_tag","embeddable":true,"href":"https:\/\/www.santacroceweb.com\/index.php\/wp-json\/wp\/v2\/tags?post=78412"}],"curies":[{"name":"wp","href":"https:\/\/api.w.org\/{rel}","templated":true}]}}