{"id":78429,"date":"2022-07-14T08:56:51","date_gmt":"2022-07-14T06:56:51","guid":{"rendered":"https:\/\/www.santacroceweb.com\/?p=78429"},"modified":"2022-07-14T08:56:51","modified_gmt":"2022-07-14T06:56:51","slug":"il-pietrisco-della-santa-croce-punta-secca-e-lincubo-dei-motociclisti","status":"publish","type":"post","link":"https:\/\/www.santacroceweb.com\/index.php\/2022\/07\/14\/il-pietrisco-della-santa-croce-punta-secca-e-lincubo-dei-motociclisti\/","title":{"rendered":"Il pietrisco della Santa Croce-Punta Secca \u00e8 l&#8217;incubo dei motociclisti"},"content":{"rendered":"<p style=\"text-align: justify;\"><strong>C\u2019\u00e8 un elemento che contribuisce<\/strong> a enfatizzare o a mortificare la bellezza del nostro territorio: le nostre strade. Poich\u00e9 se paragoniamo la citt\u00e0 ad una abitazione, esse ne sono il pavimento, come i prospetti dei palazzi ne sono le pareti. La cura con la quale manuteniamo i nostri parquet, le nostre veneziane, i nostri cotti non \u00e8 la stessa di quella usata degli amministratori pubblici nei riguardi delle vie cittadine e delle strade extraurbane. Tutto questo produce non solo guasti alla bellezza, ma anche alla salute. Eppure il disegno armonico di ogni amministrazione che si propone, mira al decoro, alla sistemazione, alla cura delle strade, alla tutela del patrimonio, includendo pure la salvaguardia e la tutela dei muretti a secco.<\/p>\n<p style=\"text-align: justify;\"><strong>Le segnalazioni questa volta arrivano<\/strong> direttamente da cittadini coinvolti in spiacevoli incidenti sulla ex Sp 35, oggi strada comunale Santa Croce-Punta Secca. Simone M. imbattutosi dal pietrisco dei lavori effettuati da Enel \u00e8 il quarto giovane a scivolare con lo scooter nelle ultime settimane e ad essere soccorso dai residenti e dai passanti. Per non parlare di un&#8217;autovettura che si \u00e8 capovolta, fortunatamente senza provocare danni alle persone.<\/p>\n<p style=\"text-align: justify;\"><strong>Qualcuno evidenzia che i pali<\/strong> della pubblica illuminazione, un po&#8217; esposti verso il ciglio della strada, i numerosi lavori effettuati per la pubblica illuminazione e le tante falle che da mesi non ricevono manutenzione, potrebbero ancora provocare altri spiacevoli incidenti. In poco pi\u00f9 di 8 mesi sono stati sostituiti 4 pali dell&#8217;illuminazione di cui, l&#8217;ultimo, luned\u00ec 11 luglio, rendendo cos\u00ec poco serena e piacevole la fruizione delle strade che ci portano verso il mare. Cos\u00ec come dopo \u201ccadute eccellenti\u201d, incidenti anomali e segnalazioni quotidiane di cittadini infortunati ed esasperati dalle cattive condizioni del manto stradale, sarebbe necessario al pi\u00f9 presto avviare le progettualit\u00e0 della precedente amministrazione per riportare la necessaria e dovuta sicurezza.<\/p>\n<p><img fetchpriority=\"high\" decoding=\"async\" class=\"alignnone size-full wp-image-78431 lazyload\" src=\"data:image\/gif;base64,R0lGODlhAQABAAAAACH5BAEKAAEALAAAAAABAAEAAAICTAEAOw==\" data-src=\"https:\/\/www.santacroceweb.com\/giornale1\/wp-content\/uploads\/2022\/07\/IMG-20220711-WA0010.jpg\" alt=\"\" width=\"1368\" height=\"1824\" data-sizes=\"auto\" data-srcset=\"https:\/\/www.santacroceweb.com\/giornale1\/wp-content\/uploads\/2022\/07\/IMG-20220711-WA0010.jpg 1368w, https:\/\/www.santacroceweb.com\/giornale1\/wp-content\/uploads\/2022\/07\/IMG-20220711-WA0010-1152x1536.jpg 1152w\" sizes=\"(max-width: 1368px) 100vw, 1368px\" \/><\/p>\n","protected":false},"excerpt":{"rendered":"<p>C\u2019\u00e8 un elemento che contribuisce a enfatizzare o a mortificare la bellezza del nostro territorio: le nostre strade. Poich\u00e9 se paragoniamo la citt\u00e0 ad una abitazione, esse ne sono il pavimento, come i prospetti dei palazzi ne sono le pareti. La cura con la quale manuteniamo i nostri parquet, le nostre veneziane, i nostri cotti [&hellip;]<\/p>\n","protected":false},"author":26,"featured_media":78430,"comment_status":"closed","ping_status":"open","sticky":false,"template":"","format":"standard","meta":{"footnotes":""},"categories":[7],"tags":[143,382],"class_list":["post-78429","post","type-post","status-publish","format-standard","has-post-thumbnail","hentry","category-cronaca","tag-punta-secca","tag-santa-croce"],"_links":{"self":[{"href":"https:\/\/www.santacroceweb.com\/index.php\/wp-json\/wp\/v2\/posts\/78429","targetHints":{"allow":["GET"]}}],"collection":[{"href":"https:\/\/www.santacroceweb.com\/index.php\/wp-json\/wp\/v2\/posts"}],"about":[{"href":"https:\/\/www.santacroceweb.com\/index.php\/wp-json\/wp\/v2\/types\/post"}],"author":[{"embeddable":true,"href":"https:\/\/www.santacroceweb.com\/index.php\/wp-json\/wp\/v2\/users\/26"}],"replies":[{"embeddable":true,"href":"https:\/\/www.santacroceweb.com\/index.php\/wp-json\/wp\/v2\/comments?post=78429"}],"version-history":[{"count":0,"href":"https:\/\/www.santacroceweb.com\/index.php\/wp-json\/wp\/v2\/posts\/78429\/revisions"}],"wp:featuredmedia":[{"embeddable":true,"href":"https:\/\/www.santacroceweb.com\/index.php\/wp-json\/wp\/v2\/media\/78430"}],"wp:attachment":[{"href":"https:\/\/www.santacroceweb.com\/index.php\/wp-json\/wp\/v2\/media?parent=78429"}],"wp:term":[{"taxonomy":"category","embeddable":true,"href":"https:\/\/www.santacroceweb.com\/index.php\/wp-json\/wp\/v2\/categories?post=78429"},{"taxonomy":"post_tag","embeddable":true,"href":"https:\/\/www.santacroceweb.com\/index.php\/wp-json\/wp\/v2\/tags?post=78429"}],"curies":[{"name":"wp","href":"https:\/\/api.w.org\/{rel}","templated":true}]}}