{"id":78445,"date":"2022-07-15T19:00:57","date_gmt":"2022-07-15T17:00:57","guid":{"rendered":"https:\/\/www.santacroceweb.com\/?p=78445"},"modified":"2022-07-16T13:17:16","modified_gmt":"2022-07-16T11:17:16","slug":"16-luglio-santa-croce-si-ferma-per-lultimo-saluto-a-giovanni-rizzo","status":"publish","type":"post","link":"https:\/\/www.santacroceweb.com\/index.php\/2022\/07\/15\/16-luglio-santa-croce-si-ferma-per-lultimo-saluto-a-giovanni-rizzo\/","title":{"rendered":"16 luglio: Santa Croce si ferma per l&#8217;ultimo saluto a Giovanni Rizzo"},"content":{"rendered":"<p style=\"text-align: justify;\"><strong>Tutti i commercianti rispondono<\/strong> all\u2019appello del Comune e abbasseranno le saracinesche fino alle 12. Santa Croce si ferma per i funerali di Giovanni Rizzo, che ha perso la vita mercoled\u00ec sera, a seguito di un incidente sulla Sp Malavita, <span style=\"text-decoration: underline;\"><a href=\"https:\/\/www.santacroceweb.com\/index.php\/2022\/07\/14\/tragedia-sulla-sp-malavita-perde-la-vita-un-santacrocese-di-32-anni\/\" target=\"_blank\" rel=\"noopener\">investito da un\u2019auto mentre era alla guida della sua moto<\/a><\/span>. Domani alle 10, in chiesa Madre, l\u2019ultimo saluto a un ragazzo solare, educato, ben voluto da tutti. Il sindaco ha proclamato il lutto cittadino. Un momento straziante che, per\u00f2, permetter\u00e0 alla comunit\u00e0 di Santa Croce di stringersi attorno alla famiglia e alla fidanzata, Erika, che in queste ore ha pubblicato alcune foto sui social per ricordarlo: \u201cIo sono morta con te. Non vivr\u00f2 pi\u00f9 come prima. Ti amo pi\u00f9 della mia vita amore mio\u201d, \u00e8 il messaggio della ragazza.<\/p>\n<p style=\"text-align: justify;\"><strong>La settimana scorsa i due avevano<\/strong> partecipato al matrimonio di Salvo, il fratello di Giovanni, che ha appreso della tragedia mentre si trovava in viaggio di nozze con la moglie, ed \u00e8 rientrato a Santa Croce col primo volo. Nell\u2019arco di pochi la vita di questa famiglia \u00e8 precipitata nella disperazione. Ma tanti, tantissimi sono i messaggi postati sulla bacheca di Rizzo. Testimoniano il legame profondo tra Giovanni e la sua comunit\u00e0, che va ben oltre i confini di Santa Croce. Gi\u00f2 era davvero l\u2019amico di tutti. <span style=\"text-decoration: underline;\"><a href=\"https:\/\/www.santacroceweb.com\/index.php\/2022\/07\/13\/quel-banco-dellortofrutta-non-sara-piu-lo-stesso-addio-per-sempre-gio\/\" target=\"_blank\" rel=\"noopener\">Dolce, disponibile, generoso.<\/a><\/span> \u201cRimarrai nei nostri cuori e conserveremo sempre con gioia i ricordi delle serate trascorse insieme&#8230; Grazie per averci onorato della tua amicizia e del tuo sorriso\u201d, scrive Laura. Ma \u00e8 come se l\u2019avesse scritto ognuno di noi.<\/p>\n<p style=\"text-align: justify;\"><strong>Negli ultimi tempi, con grande<\/strong> soddisfazione personale, aveva portato a casa il corso di OSS (operatore socio-sanitario). Ed era sempre <span style=\"text-decoration: underline;\"><a href=\"https:\/\/www.santacroceweb.com\/index.php\/2022\/07\/14\/ciao-gio-per-8-anni-sei-stato-il-nostro-dono-non-doveva-andare-cosi\/\" target=\"_blank\" rel=\"noopener\">un piacere ritrovarlo fra i banchi dell\u2019ortofrutta<\/a><\/span>, il suo reparto, pronto a dare una mano o, semplicemente, un consiglio. I piccoli gesti fanno grandi gli uomini. Questo Santa Croce lo sa. E di certo, se ne ricorder\u00e0. Anche dopo le esequie.<\/p>\n","protected":false},"excerpt":{"rendered":"<p>Tutti i commercianti rispondono all\u2019appello del Comune e abbasseranno le saracinesche fino alle 12. Santa Croce si ferma per i funerali di Giovanni Rizzo, che ha perso la vita mercoled\u00ec sera, a seguito di un incidente sulla Sp Malavita, investito da un\u2019auto mentre era alla guida della sua moto. Domani alle 10, in chiesa Madre, [&hellip;]<\/p>\n","protected":false},"author":34,"featured_media":78446,"comment_status":"closed","ping_status":"open","sticky":false,"template":"","format":"standard","meta":{"footnotes":""},"categories":[7],"tags":[1098],"class_list":["post-78445","post","type-post","status-publish","format-standard","has-post-thumbnail","hentry","category-cronaca","tag-giovanni-rizzo"],"_links":{"self":[{"href":"https:\/\/www.santacroceweb.com\/index.php\/wp-json\/wp\/v2\/posts\/78445","targetHints":{"allow":["GET"]}}],"collection":[{"href":"https:\/\/www.santacroceweb.com\/index.php\/wp-json\/wp\/v2\/posts"}],"about":[{"href":"https:\/\/www.santacroceweb.com\/index.php\/wp-json\/wp\/v2\/types\/post"}],"author":[{"embeddable":true,"href":"https:\/\/www.santacroceweb.com\/index.php\/wp-json\/wp\/v2\/users\/34"}],"replies":[{"embeddable":true,"href":"https:\/\/www.santacroceweb.com\/index.php\/wp-json\/wp\/v2\/comments?post=78445"}],"version-history":[{"count":0,"href":"https:\/\/www.santacroceweb.com\/index.php\/wp-json\/wp\/v2\/posts\/78445\/revisions"}],"wp:featuredmedia":[{"embeddable":true,"href":"https:\/\/www.santacroceweb.com\/index.php\/wp-json\/wp\/v2\/media\/78446"}],"wp:attachment":[{"href":"https:\/\/www.santacroceweb.com\/index.php\/wp-json\/wp\/v2\/media?parent=78445"}],"wp:term":[{"taxonomy":"category","embeddable":true,"href":"https:\/\/www.santacroceweb.com\/index.php\/wp-json\/wp\/v2\/categories?post=78445"},{"taxonomy":"post_tag","embeddable":true,"href":"https:\/\/www.santacroceweb.com\/index.php\/wp-json\/wp\/v2\/tags?post=78445"}],"curies":[{"name":"wp","href":"https:\/\/api.w.org\/{rel}","templated":true}]}}