{"id":78681,"date":"2022-08-27T10:58:10","date_gmt":"2022-08-27T08:58:10","guid":{"rendered":"https:\/\/www.santacroceweb.com\/?p=78681"},"modified":"2022-08-27T10:58:10","modified_gmt":"2022-08-27T08:58:10","slug":"coro-di-no-allaumento-della-tari-che-gia-approda-in-consiglio-comunale","status":"publish","type":"post","link":"https:\/\/www.santacroceweb.com\/index.php\/2022\/08\/27\/coro-di-no-allaumento-della-tari-che-gia-approda-in-consiglio-comunale\/","title":{"rendered":"Coro di &#8216;no&#8217; all&#8217;aumento della Tari che gi\u00e0 approda in Consiglio comunale"},"content":{"rendered":"<p style=\"text-align: justify;\"><strong>L&#8217;aumento della Tari del 10 per cento<\/strong> non lascia indifferenti le opposizioni. La trattazione del punto, con <span style=\"text-decoration: underline;\"><a href=\"https:\/\/www.santacroceweb.com\/index.php\/2022\/08\/25\/rifiuti-il-sindaco-chiede-un-piccolo-sforzo-sulla-tari-aumentera-del-10\/\" target=\"_blank\" rel=\"noopener\">l&#8217;aggiornamento delle tariffe<\/a><\/span>, \u00e8 stato inserito d&#8217;urgenza all&#8217;ordine del giorno del prossimo Consiglio comunale, in programma luned\u00ec sera. &#8220;A giudicare dal tono e dal linguaggio utilizzato dal primo cittadino nel suo ultimo video, la situazione per i santacrocesi non \u00e8 \u201cbellissima\u201d e rischia di trasformarsi in un incubo&#8221;, scrivono i quattro consiglieri di Insieme per Santa Croce. &#8220;Un incubo che suona come una colossale presa in giro, visto che il Comune, con la vecchia amministrazione, era stato insignito dello status di &#8220;virtuoso&#8221;. Medaglia al petto che, alla fine, non ha regalato nulla ai santacrocesi&#8221;.<\/p>\n<p style=\"text-align: justify;\"><strong>&#8220;Il sindaco &#8211; attaccano &#8211; oggi chiede sacrifici<\/strong>, ma nessuno di noi l&#8217;ha visto battersi all\u2019Ars contro il tentativo di introdurre una norma che di fatto premiava i comuni meno virtuosi (Palermo e Catania) a danno di quelli virtuosi. C\u2019\u00e8 voluto l\u2019alt e un emendamento dei Cinque Stelle per evitare di scrivere un finale grottesco: cio\u00e8 che comportarsi bene non premia. Per il sindaco era forse troppo scomodo opporsi e imporsi contro scelte inique della Regione \u201camica\u201d? Invece di fare video tragicomici, Dimartino dovrebbe utilizzare il tempo a programmare e fare prevenzione, provando, magari, a giocare in anticipo&#8221;. &#8220;Visto che al prossimo Consiglio comunale si discuter\u00e0 delle indennit\u00e0 di consiglieri ed assessori &#8211; aggiungono -, sarebbe bello vedere una riduzione del 10% dei loro indennizzi e, magari, approvare le proposte dell\u2019allora consigliere Agnello, azzerando l\u2019indennit\u00e0 del Presidente del Consiglio in favore del doppio gettone. Non ci pagheremmo i costi di smaltimento dei rifiuti, ma sarebbe un segnale! Tanto pi\u00f9 se la somma risparmiata fosse destinata ai servizi sociali, dando supporto alle fasce pi\u00f9 deboli&#8221;.<\/p>\n<p style=\"text-align: justify;\"><strong>Anche Santa Croce Attiva,<\/strong> il gruppo che fa riferimento a Manlio La Ciura, evidenzia che &#8220;il problema dei rifiuti non nasce adesso, \u00e8 un problema innanzitutto di senso civico ed, al contempo, \u00e8 il peggiore fallimento politico del governo regionale (di uguale colore politico dell&#8217;amministrazione comunale) con l&#8217;aggravante, purtroppo, di evolversi sempre pi\u00f9 come un allarmante problema sanitario. Ci permettiamo di suggerire al Sindaco che un buon amministratore tutela i cittadini virtuosi e onesti e prende decisioni politiche non dipendenti necessariamente da pareri squisitamente ragioneristici degli uffici preposti. I cittadini sono stufi di pagare le emergenze, sono stufi di sacrifici a senso unico. Bisogna combattere e perseguire chi non paga non chi si comporta da onesto contribuente&#8221;. E ancora: &#8220;Sindaco, rappresenti la sua comunit\u00e0 virtuosa, si faccia elaborare uno studio immediato (dai suoi infallibili uffici) per individuare gli evasori! Non \u00e8 affatto difficile n\u00e9 dispendioso e si pu\u00f2 ottenere in pochi giorni. Recuperi da l\u00ec, far\u00e0 giustizia e sar\u00e0 riconosciuto come paladino dell&#8217;equit\u00e0 e difensore dei suoi cittadini migliori, viceversa sar\u00e0 considerato il responsabile principale di rimedi presi nell&#8217;immediato gravando la comunit\u00e0 di ulteriori aumenti di tasse&#8221;.<\/p>\n<p style=\"text-align: justify;\"><strong>Anche l&#8217;ex sindaco Giovanni Barone<\/strong> rompe il silenzio: &#8220;Nel mio lavoro di amministratore dedicai tante energie per far capire la differenza tra secco e spazzatura, andando con i volontari a bonificare microdiscariche, ma questo non importa oggi. Oggi bisogna dire basta allo smaltimento di rifiuti tal quali! Basta! Da qui la lotta diuturna contro gli irriducibili del sacchettino, o buttato per strada o esposto il gioved\u00ec, questa battaglia diventa, dopo la chiusura delle discariche, ancor pi\u00f9 necessaria e non pi\u00f9 procrastinabile. Quindi occorre, giornalmente, informare, educare e reprimere anche se si perde qualche voto. Non farlo o peggio aver fatto passare il messaggio che a Santa Croce Camerina va tutto bene, nonostante la crisi che attanaglia una intera regione, \u00e8 colpevole superficialit\u00e0!&#8221;.<\/p>\n","protected":false},"excerpt":{"rendered":"<p>L&#8217;aumento della Tari del 10 per cento non lascia indifferenti le opposizioni. La trattazione del punto, con l&#8217;aggiornamento delle tariffe, \u00e8 stato inserito d&#8217;urgenza all&#8217;ordine del giorno del prossimo Consiglio comunale, in programma luned\u00ec sera. &#8220;A giudicare dal tono e dal linguaggio utilizzato dal primo cittadino nel suo ultimo video, la situazione per i santacrocesi [&hellip;]<\/p>\n","protected":false},"author":34,"featured_media":78637,"comment_status":"closed","ping_status":"open","sticky":false,"template":"","format":"standard","meta":{"footnotes":""},"categories":[4],"tags":[156,1039,150,1000,153],"class_list":["post-78681","post","type-post","status-publish","format-standard","has-post-thumbnail","hentry","category-politica","tag-giovanni-barone","tag-insieme-per-santa-croce","tag-manlio-la-ciura","tag-peppe-dimartino","tag-piero-mandara"],"_links":{"self":[{"href":"https:\/\/www.santacroceweb.com\/index.php\/wp-json\/wp\/v2\/posts\/78681","targetHints":{"allow":["GET"]}}],"collection":[{"href":"https:\/\/www.santacroceweb.com\/index.php\/wp-json\/wp\/v2\/posts"}],"about":[{"href":"https:\/\/www.santacroceweb.com\/index.php\/wp-json\/wp\/v2\/types\/post"}],"author":[{"embeddable":true,"href":"https:\/\/www.santacroceweb.com\/index.php\/wp-json\/wp\/v2\/users\/34"}],"replies":[{"embeddable":true,"href":"https:\/\/www.santacroceweb.com\/index.php\/wp-json\/wp\/v2\/comments?post=78681"}],"version-history":[{"count":0,"href":"https:\/\/www.santacroceweb.com\/index.php\/wp-json\/wp\/v2\/posts\/78681\/revisions"}],"wp:featuredmedia":[{"embeddable":true,"href":"https:\/\/www.santacroceweb.com\/index.php\/wp-json\/wp\/v2\/media\/78637"}],"wp:attachment":[{"href":"https:\/\/www.santacroceweb.com\/index.php\/wp-json\/wp\/v2\/media?parent=78681"}],"wp:term":[{"taxonomy":"category","embeddable":true,"href":"https:\/\/www.santacroceweb.com\/index.php\/wp-json\/wp\/v2\/categories?post=78681"},{"taxonomy":"post_tag","embeddable":true,"href":"https:\/\/www.santacroceweb.com\/index.php\/wp-json\/wp\/v2\/tags?post=78681"}],"curies":[{"name":"wp","href":"https:\/\/api.w.org\/{rel}","templated":true}]}}