{"id":78994,"date":"2022-10-11T16:11:10","date_gmt":"2022-10-11T14:11:10","guid":{"rendered":"https:\/\/www.santacroceweb.com\/?p=78994"},"modified":"2022-10-14T13:05:01","modified_gmt":"2022-10-14T11:05:01","slug":"forzato-lingresso-di-un-negozio-il-sindaco-in-arrivo-altre-telecamere","status":"publish","type":"post","link":"https:\/\/www.santacroceweb.com\/index.php\/2022\/10\/11\/forzato-lingresso-di-un-negozio-il-sindaco-in-arrivo-altre-telecamere\/","title":{"rendered":"Forzato l&#8217;ingresso di un negozio. Il sindaco: ci sono altre telecamere"},"content":{"rendered":"<p style=\"text-align: justify;\"><strong>Sei nuove telecamere,<\/strong> di cui quattro fisse e due mobili, vanno ad implementare la videosorveglianza del Comune di Santa Croce Camerina. Ne d\u00e0 notizia il sindaco Peppe Dimartino, che specifica come le stesse siano state installate in alcune zone sensibili della citt\u00e0, gi\u00e0 in passato teatro di atti vandalici. \u201cCi riferiamo, in particolare \u2013 spiega il primo cittadino \u2013 alla sede dei Servizi sociali degli uffici comunali e ad alcune aree per bambini. La spesa per l\u2019acquisto proviene da fondi comunali. Investire sulla sicurezza, d\u2019altra parte, \u00e8 una delle priorit\u00e0 di questa amministrazione comunale. L\u2019intervento mira dunque a garantire sicurezza a livello preventivo, fungendo da deterrente, sia a livello repressivo, come fonte di prova nel caso che si verifichino fatti\/reato\u201d.<\/p>\n<p style=\"text-align: justify;\"><strong>La notizia delle nuove telecamere<\/strong> giunge a poche ore dall&#8217;ennesimo episodio di microcriminalit\u00e0, denunciato questa mattina sui social. A lanciare l&#8217;allarme \u00e8 stato un esercente di via Matteotti: &#8220;Funziona cos\u00ec. Ti alzi la mattina per andare a lavorare, arrivi davanti al tuo negozio, e trovi la porta forzata. Questo accade ormai con frequenza qui a Santa Croce, la mattina arrivi col terrore di vedere cosa ti hanno rubato stavolta! Accade sempre nella stessa fascia oraria, ultimamente sempre presso le attivit\u00e0 commerciali &#8211; scrive -. Ora, bando alle \u201cstrumentalizzazioni politiche\u201d e visto la non costante presenza sul territorio delle forze dell\u2019ordine (sappiamo tutti il perch\u00e9 e si potrebbe aprire un discorso infinito\u2026 ) quale sarebbe la soluzione? Una volta si parlava di ronde! Non esistono alternative, contro uno Stato assente l\u2019unico modo \u00e8 agire noi stessi. Non si tratta di farsi giustizia, ma di tutelare ci\u00f2 che \u00e8 nostro ed abbiamo costruito con tanti sacrifici&#8221;.<\/p>\n<p style=\"text-align: justify;\"><strong>Qualche giorno fa, tentando di svegliare<\/strong> la coscienza civica del prefetto, il sindaco Dimartino <span style=\"text-decoration: underline;\"><a href=\"https:\/\/www.santacroceweb.com\/index.php\/2022\/10\/08\/microcriminalita-il-sindaco-chiede-un-incontro-e-soluzioni-al-prefetto\/\" target=\"_blank\" rel=\"noopener\">ha chiesto con una lettera<\/a><\/span> la convocazione del Comitato per l&#8217;ordine pubblico e la sicurezza.<\/p>\n","protected":false},"excerpt":{"rendered":"<p>Sei nuove telecamere, di cui quattro fisse e due mobili, vanno ad implementare la videosorveglianza del Comune di Santa Croce Camerina. Ne d\u00e0 notizia il sindaco Peppe Dimartino, che specifica come le stesse siano state installate in alcune zone sensibili della citt\u00e0, gi\u00e0 in passato teatro di atti vandalici. \u201cCi riferiamo, in particolare \u2013 spiega [&hellip;]<\/p>\n","protected":false},"author":34,"featured_media":78995,"comment_status":"closed","ping_status":"open","sticky":false,"template":"","format":"standard","meta":{"footnotes":""},"categories":[7],"tags":[1000,139,504],"class_list":["post-78994","post","type-post","status-publish","format-standard","has-post-thumbnail","hentry","category-cronaca","tag-peppe-dimartino","tag-santa-croce-camerina","tag-sicurezza"],"_links":{"self":[{"href":"https:\/\/www.santacroceweb.com\/index.php\/wp-json\/wp\/v2\/posts\/78994","targetHints":{"allow":["GET"]}}],"collection":[{"href":"https:\/\/www.santacroceweb.com\/index.php\/wp-json\/wp\/v2\/posts"}],"about":[{"href":"https:\/\/www.santacroceweb.com\/index.php\/wp-json\/wp\/v2\/types\/post"}],"author":[{"embeddable":true,"href":"https:\/\/www.santacroceweb.com\/index.php\/wp-json\/wp\/v2\/users\/34"}],"replies":[{"embeddable":true,"href":"https:\/\/www.santacroceweb.com\/index.php\/wp-json\/wp\/v2\/comments?post=78994"}],"version-history":[{"count":0,"href":"https:\/\/www.santacroceweb.com\/index.php\/wp-json\/wp\/v2\/posts\/78994\/revisions"}],"wp:featuredmedia":[{"embeddable":true,"href":"https:\/\/www.santacroceweb.com\/index.php\/wp-json\/wp\/v2\/media\/78995"}],"wp:attachment":[{"href":"https:\/\/www.santacroceweb.com\/index.php\/wp-json\/wp\/v2\/media?parent=78994"}],"wp:term":[{"taxonomy":"category","embeddable":true,"href":"https:\/\/www.santacroceweb.com\/index.php\/wp-json\/wp\/v2\/categories?post=78994"},{"taxonomy":"post_tag","embeddable":true,"href":"https:\/\/www.santacroceweb.com\/index.php\/wp-json\/wp\/v2\/tags?post=78994"}],"curies":[{"name":"wp","href":"https:\/\/api.w.org\/{rel}","templated":true}]}}