{"id":79075,"date":"2022-10-28T08:00:40","date_gmt":"2022-10-28T06:00:40","guid":{"rendered":"https:\/\/www.santacroceweb.com\/?p=79075"},"modified":"2022-11-01T08:11:08","modified_gmt":"2022-11-01T07:11:08","slug":"frasca-mi-occupo-di-sicurezza-da-30-anni-dimartino-giu-dal-piedistallo","status":"publish","type":"post","link":"https:\/\/www.santacroceweb.com\/index.php\/2022\/10\/28\/frasca-mi-occupo-di-sicurezza-da-30-anni-dimartino-giu-dal-piedistallo\/","title":{"rendered":"Frasca: &#8220;Mi occupo di sicurezza da 30 anni. Dimartino senza bon ton&#8221;"},"content":{"rendered":"<p style=\"text-align: justify;\"><strong>\u201cE\u2019 con la coesione sociale<\/strong> che si risolvono i problemi. Ma la mia sollecitazione non \u00e8 servita. Anzi, il sindaco mi ha tacciato di ricercare visibilit\u00e0, etichettandomi come \u201csignor Frasca\u201d. In realt\u00e0 faccio riferimento a un partito con rappresentanti alla Camera e al Senato. Al sindaco manca bon ton istituzionale\u201d. Filippo Frasca non manda gi\u00f9 la dura replica di Dimartino alla lettera aperta in cui chiedeva di affrontare \u2013 insieme \u2013 la problematica sicurezza. L\u2019Amministrazione procede spedita con le proprie iniziative: \u201cTra le soluzioni indicate dal sindaco \u2013 obietta per\u00f2 Frasca &#8211; mi allarma che abbiano gi\u00e0 contattato un istituto di vigilanza privata per vedere quanto costa. Ma non puoi contattarne soltanto uno; bisogna asseverare il piano della sicurezza rispetto al numero di risorse umane gi\u00e0 presenti; ma soprattutto capire con quale criterio e quale modalit\u00e0 il privato gestisce questi soldi e qual \u00e8 il soggetto che deve effettuare i servizi. Io non credo di avere una bacchetta magica per risolvere i problemi della sicurezza, ma un\u2019esperienza trentennale nel settore. Non capiamo perch\u00e9 le opposizioni, che rappresentano il 70% dei cittadini, debba essere silenziata. Noi siamo disposti a collaborare, ma se l\u2019obiettivo \u00e8 spaccare il fronte io non ci sto. Il sindaco deve scendere dal piedistallo e convocare tutti\u201d. <span style=\"color: #ff0000;\"><strong>GUARDA IL VIDEO<\/strong><\/span><\/p>\n","protected":false},"excerpt":{"rendered":"<p>\u201cE\u2019 con la coesione sociale che si risolvono i problemi. Ma la mia sollecitazione non \u00e8 servita. Anzi, il sindaco mi ha tacciato di ricercare visibilit\u00e0, etichettandomi come \u201csignor Frasca\u201d. In realt\u00e0 faccio riferimento a un partito con rappresentanti alla Camera e al Senato. Al sindaco manca bon ton istituzionale\u201d. Filippo Frasca non manda gi\u00f9 [&hellip;]<\/p>\n","protected":false},"author":34,"featured_media":79076,"comment_status":"closed","ping_status":"open","sticky":false,"template":"","format":"video","meta":{"footnotes":""},"categories":[4],"tags":[159,139,504,434],"class_list":["post-79075","post","type-post","status-publish","format-video","has-post-thumbnail","hentry","category-politica","tag-filippo-frasca","tag-santa-croce-camerina","tag-sicurezza","tag-udc","post_format-post-format-video"],"_links":{"self":[{"href":"https:\/\/www.santacroceweb.com\/index.php\/wp-json\/wp\/v2\/posts\/79075","targetHints":{"allow":["GET"]}}],"collection":[{"href":"https:\/\/www.santacroceweb.com\/index.php\/wp-json\/wp\/v2\/posts"}],"about":[{"href":"https:\/\/www.santacroceweb.com\/index.php\/wp-json\/wp\/v2\/types\/post"}],"author":[{"embeddable":true,"href":"https:\/\/www.santacroceweb.com\/index.php\/wp-json\/wp\/v2\/users\/34"}],"replies":[{"embeddable":true,"href":"https:\/\/www.santacroceweb.com\/index.php\/wp-json\/wp\/v2\/comments?post=79075"}],"version-history":[{"count":0,"href":"https:\/\/www.santacroceweb.com\/index.php\/wp-json\/wp\/v2\/posts\/79075\/revisions"}],"wp:featuredmedia":[{"embeddable":true,"href":"https:\/\/www.santacroceweb.com\/index.php\/wp-json\/wp\/v2\/media\/79076"}],"wp:attachment":[{"href":"https:\/\/www.santacroceweb.com\/index.php\/wp-json\/wp\/v2\/media?parent=79075"}],"wp:term":[{"taxonomy":"category","embeddable":true,"href":"https:\/\/www.santacroceweb.com\/index.php\/wp-json\/wp\/v2\/categories?post=79075"},{"taxonomy":"post_tag","embeddable":true,"href":"https:\/\/www.santacroceweb.com\/index.php\/wp-json\/wp\/v2\/tags?post=79075"}],"curies":[{"name":"wp","href":"https:\/\/api.w.org\/{rel}","templated":true}]}}