{"id":79239,"date":"2022-11-27T18:23:40","date_gmt":"2022-11-27T17:23:40","guid":{"rendered":"https:\/\/www.santacroceweb.com\/?p=79239"},"modified":"2022-11-28T18:26:18","modified_gmt":"2022-11-28T17:26:18","slug":"il-vento-abbatte-gli-alberi-ma-il-sindaco-rassicura-tutto-sotto-contollo","status":"publish","type":"post","link":"https:\/\/www.santacroceweb.com\/index.php\/2022\/11\/27\/il-vento-abbatte-gli-alberi-ma-il-sindaco-rassicura-tutto-sotto-contollo\/","title":{"rendered":"Il vento abbatte gli alberi. Ma il sindaco rassicura: &#8220;Tutto sotto contollo&#8221;"},"content":{"rendered":"<p style=\"text-align: justify;\"><strong>&#8220;Nelle ultime 36 ore il meteo,<\/strong> cosi come anticipato dalla Protezione Civile tramite allerta meteo arancione diramata nella giornata di venerd\u00ec, non ha risparmiato il nostro territorio&#8221;. Lo scrive su Facebook il sindaco di Santa Croce, Peppe Dimartino, che riepiloga le criticit\u00e0 di un weekend caratterizzato da vento e burrasche. &#8220;Molti i disagi causati dall\u2019abbondante pioggia di ieri e dalle forti raffiche di vento odierne, che hanno visto impegnati la Protezione Civile congiuntamente alla Polizia Municipale. Diversi i tratti di strada chiusi per allagamenti o per caduta alberi sulla sede stradale &#8211; scrivere il sindaco -. Al momento tutte le segnalazioni e le difficolt\u00e0 segnalate sono rientrate e risolte per assicurare la corretta viabilit\u00e0 ma invito i cittadini sempre alla massima prudenza&#8221;.<\/p>\n<p style=\"text-align: justify;\"><strong>&#8220;Stamani &#8211; prosegue Dimartino &#8211;<\/strong> abbiamo effettuato diversi sopralluoghi nei punti interessati con il responsabile dell\u2019Ufficio Tecnico e ho gi\u00e0 chiesto di mettere in agenda una verifica tecnica di ci\u00f2 che \u00e8 successo coinvolgendo tutti gli uffici interessati. Questi fenomeni estremi di pioggia sono sempre pi\u00f9 frequenti e l\u2019ambito urbano deve adattarsi nel modo migliore al cambiamento climatico. Oltre ai progetti gi\u00e0 in atto per la regimentazione delle acque piovane in diverse zone della fascia costiera, si deve intervenire attenzionando anche altri punti del paese dove determinate criticit\u00e0 esistono, cicliche, da anni. Come spesso mi preme sottolineare voglio ringraziare per l\u2019impegno e gli sforzi tutto il personale del gruppo Protezione Civile del Comune di Santa Croce Camerina, la Polizia Municipale, l\u2019Ufficio Tecnico e tutte le persone che, da semplici cittadini, ci hanno dato una mano nell\u2019interesse della collettivit\u00e0&#8221;.<\/p>\n<p><iframe style=\"border: none; overflow: hidden;\" src=\"https:\/\/www.facebook.com\/plugins\/post.php?href=https%3A%2F%2Fwww.facebook.com%2FPeppeDimartinoSindaco%2Fposts%2Fpfbid02tijG9DaMFQnYjSidoKZvNza5VGLNuDEaWBCUsSshdPZZRWa4jSQQASKHjuwUTyuJl&amp;show_text=true&amp;width=500\" width=\"500\" height=\"863\" frameborder=\"0\" scrolling=\"no\" allowfullscreen=\"allowfullscreen\"><\/iframe><\/p>\n","protected":false},"excerpt":{"rendered":"<p>&#8220;Nelle ultime 36 ore il meteo, cosi come anticipato dalla Protezione Civile tramite allerta meteo arancione diramata nella giornata di venerd\u00ec, non ha risparmiato il nostro territorio&#8221;. Lo scrive su Facebook il sindaco di Santa Croce, Peppe Dimartino, che riepiloga le criticit\u00e0 di un weekend caratterizzato da vento e burrasche. &#8220;Molti i disagi causati dall\u2019abbondante [&hellip;]<\/p>\n","protected":false},"author":34,"featured_media":79240,"comment_status":"closed","ping_status":"open","sticky":false,"template":"","format":"standard","meta":{"footnotes":""},"categories":[7],"tags":[898,139],"class_list":["post-79239","post","type-post","status-publish","format-standard","has-post-thumbnail","hentry","category-cronaca","tag-maltempo","tag-santa-croce-camerina"],"_links":{"self":[{"href":"https:\/\/www.santacroceweb.com\/index.php\/wp-json\/wp\/v2\/posts\/79239","targetHints":{"allow":["GET"]}}],"collection":[{"href":"https:\/\/www.santacroceweb.com\/index.php\/wp-json\/wp\/v2\/posts"}],"about":[{"href":"https:\/\/www.santacroceweb.com\/index.php\/wp-json\/wp\/v2\/types\/post"}],"author":[{"embeddable":true,"href":"https:\/\/www.santacroceweb.com\/index.php\/wp-json\/wp\/v2\/users\/34"}],"replies":[{"embeddable":true,"href":"https:\/\/www.santacroceweb.com\/index.php\/wp-json\/wp\/v2\/comments?post=79239"}],"version-history":[{"count":0,"href":"https:\/\/www.santacroceweb.com\/index.php\/wp-json\/wp\/v2\/posts\/79239\/revisions"}],"wp:featuredmedia":[{"embeddable":true,"href":"https:\/\/www.santacroceweb.com\/index.php\/wp-json\/wp\/v2\/media\/79240"}],"wp:attachment":[{"href":"https:\/\/www.santacroceweb.com\/index.php\/wp-json\/wp\/v2\/media?parent=79239"}],"wp:term":[{"taxonomy":"category","embeddable":true,"href":"https:\/\/www.santacroceweb.com\/index.php\/wp-json\/wp\/v2\/categories?post=79239"},{"taxonomy":"post_tag","embeddable":true,"href":"https:\/\/www.santacroceweb.com\/index.php\/wp-json\/wp\/v2\/tags?post=79239"}],"curies":[{"name":"wp","href":"https:\/\/api.w.org\/{rel}","templated":true}]}}