{"id":79439,"date":"2022-12-31T10:20:42","date_gmt":"2022-12-31T09:20:42","guid":{"rendered":"https:\/\/www.santacroceweb.com\/?p=79439"},"modified":"2022-12-31T10:30:53","modified_gmt":"2022-12-31T09:30:53","slug":"c-da-petraro-mediale-illuminazione-frasca-una-giunta-mediocre","status":"publish","type":"post","link":"https:\/\/www.santacroceweb.com\/index.php\/2022\/12\/31\/c-da-petraro-mediale-illuminazione-frasca-una-giunta-mediocre\/","title":{"rendered":"C.da Petraro, Mediale, illuminazione. Frasca: &#8220;Una giunta mediocre&#8221;"},"content":{"rendered":"<p style=\"text-align: justify;\"><strong>&#8220;Si chiude il 2022, politicamente<\/strong> ed amministrativamente in maniera disastrosa&#8221;. Lo scrive in una nota Filippo Frasca, ex assessore alle borgate e segretario cittadino dell&#8217;Udc. Ma &#8220;si prevede un 2023 peggiore per la superficialit\u00e0 e mediocrit\u00e0 di chi governa la citt\u00e0. Spero solo per loro, che ci si fermi ad essere mediocri, poich\u00e9 i segnali di scarsa trasparenza amministrativa che minano la legalit\u00e0 ci sono &#8211; afferma Frasca -. Questa ultima proroga della Mediale, merita un approfondimento che di certo non si pu\u00f2 dare sulle testate giornalistiche&#8221;.<\/p>\n<p style=\"text-align: justify;\"><strong>Poi l&#8217;ex assessore va oltre, analizzando<\/strong> le altre criticit\u00e0: &#8220;La cosa pi\u00f9 grave \u00e8 che i cittadini sembrano assuefatti da questo alone di pseudo perbenismo dimenticando aumenti di spazzatura e rinnovi per la mediale e maxi correttivi economici per l&#8217;illuminazione pubblica. Non credo che questa amministrazione arrogante e presuntuosa si rimetta in sesto e migliori. Hanno vinto e devono governare. Ma non devono sbagliare!&#8230; La questione di Contrada Petraro, il surplus di spesa per la pubblica illuminazione e la proroga alla Mediale sono argomenti che possono passare inosservati agli sprovveduti, ma non alla societ\u00e0 civile politicamente e seriamente impegnata. Un apprezzamento particolare allavoro professionale della minoranza, che per fortuna si fa sentire. Auguri a tutta Santa Croce, ai suoi abitanti, con l&#8217;auspicio che nel 2023 tutti si interessino un po&#8217; di pi\u00f9 di come siamo mediocremente amministrati&#8221;.<\/p>\n","protected":false},"excerpt":{"rendered":"<p>&#8220;Si chiude il 2022, politicamente ed amministrativamente in maniera disastrosa&#8221;. Lo scrive in una nota Filippo Frasca, ex assessore alle borgate e segretario cittadino dell&#8217;Udc. Ma &#8220;si prevede un 2023 peggiore per la superficialit\u00e0 e mediocrit\u00e0 di chi governa la citt\u00e0. Spero solo per loro, che ci si fermi ad essere mediocri, poich\u00e9 i segnali [&hellip;]<\/p>\n","protected":false},"author":34,"featured_media":79076,"comment_status":"closed","ping_status":"open","sticky":false,"template":"","format":"standard","meta":{"footnotes":""},"categories":[4],"tags":[159],"class_list":["post-79439","post","type-post","status-publish","format-standard","has-post-thumbnail","hentry","category-politica","tag-filippo-frasca"],"_links":{"self":[{"href":"https:\/\/www.santacroceweb.com\/index.php\/wp-json\/wp\/v2\/posts\/79439","targetHints":{"allow":["GET"]}}],"collection":[{"href":"https:\/\/www.santacroceweb.com\/index.php\/wp-json\/wp\/v2\/posts"}],"about":[{"href":"https:\/\/www.santacroceweb.com\/index.php\/wp-json\/wp\/v2\/types\/post"}],"author":[{"embeddable":true,"href":"https:\/\/www.santacroceweb.com\/index.php\/wp-json\/wp\/v2\/users\/34"}],"replies":[{"embeddable":true,"href":"https:\/\/www.santacroceweb.com\/index.php\/wp-json\/wp\/v2\/comments?post=79439"}],"version-history":[{"count":0,"href":"https:\/\/www.santacroceweb.com\/index.php\/wp-json\/wp\/v2\/posts\/79439\/revisions"}],"wp:featuredmedia":[{"embeddable":true,"href":"https:\/\/www.santacroceweb.com\/index.php\/wp-json\/wp\/v2\/media\/79076"}],"wp:attachment":[{"href":"https:\/\/www.santacroceweb.com\/index.php\/wp-json\/wp\/v2\/media?parent=79439"}],"wp:term":[{"taxonomy":"category","embeddable":true,"href":"https:\/\/www.santacroceweb.com\/index.php\/wp-json\/wp\/v2\/categories?post=79439"},{"taxonomy":"post_tag","embeddable":true,"href":"https:\/\/www.santacroceweb.com\/index.php\/wp-json\/wp\/v2\/tags?post=79439"}],"curies":[{"name":"wp","href":"https:\/\/api.w.org\/{rel}","templated":true}]}}