{"id":79726,"date":"2023-02-15T19:19:00","date_gmt":"2023-02-15T18:19:00","guid":{"rendered":"https:\/\/www.santacroceweb.com\/?p=79726"},"modified":"2023-02-15T19:32:57","modified_gmt":"2023-02-15T18:32:57","slug":"talenti-col-sax-giovanni-corallo-si-esibira-alla-carnegie-hall-di-new-york","status":"publish","type":"post","link":"https:\/\/www.santacroceweb.com\/index.php\/2023\/02\/15\/talenti-col-sax-giovanni-corallo-si-esibira-alla-carnegie-hall-di-new-york\/","title":{"rendered":"Talenti col sax: Giovanni Corallo si esibir\u00e0 alla Carnegie Hall di New York"},"content":{"rendered":"<p style=\"text-align: justify;\"><strong>Il primo premio ottenuto<\/strong> al 16\u00b0 concorso internazionale &#8216;Crescendo competition&#8217;, lo scorso 13 novembre a Padova, \u00e8 valso al giovanissimo Giovanni Corallo, classe 2005, un pass per la Carnegie Hall. Nel tempio della musica newyorkese si sono esibiti i maggiori artisti della nostra epoca: da Whitney Houston a Billie Holiday, passando per Andrea Bocelli e Luciano Pavarotti.<\/p>\n<p style=\"text-align: justify;\"><strong>L&#8217;allievo del Liceo Musicale di Modica<\/strong> andr\u00e0 in scena col sax il prossimo 18 febbraio. Alla vigilia del viaggio pi\u00f9 atteso, il musicista \u00e8 stato ospite dell&#8217;amministrazione comunale a palazzo di citt\u00e0: &#8220;Abbiamo avuto il piacere di incontrare Giovanni Corallo, giovane e virtuoso compaesano con la passione per la musica &#8211; ha scritto il sindaco Peppe Dimartino, che poi ha illustrato le prime tappe di una carriera ancora giovane ma molto promettente -. Inizia all&#8217;et\u00e0 di 10 anni con il sax seguito dal Maestro Giuseppe Zisa entrando a far parte del copro bandistico &#8220;Risveglio Kamarinense&#8221;. Si forma presso il liceo musicale G. Verga di Modica con il Maestro Giovanni Manganaro e attualmente fa parte dell&#8217;orchestra di fiati del liceo musicale e della &#8220;Gustav Holst Wind Simphony&#8221;, e tramvia dirette dal Maestro Mirko Caruso. Con immenso orgoglio rivolgiamo a Giovanni, esempio di bravura e passione per la musica, i complimenti per quanto realizzato finora e gli auguri per il pi\u00f9 roseo futuro&#8221;.<\/p>\n","protected":false},"excerpt":{"rendered":"<p>Il primo premio ottenuto al 16\u00b0 concorso internazionale &#8216;Crescendo competition&#8217;, lo scorso 13 novembre a Padova, \u00e8 valso al giovanissimo Giovanni Corallo, classe 2005, un pass per la Carnegie Hall. Nel tempio della musica newyorkese si sono esibiti i maggiori artisti della nostra epoca: da Whitney Houston a Billie Holiday, passando per Andrea Bocelli e [&hellip;]<\/p>\n","protected":false},"author":34,"featured_media":79727,"comment_status":"closed","ping_status":"open","sticky":false,"template":"","format":"standard","meta":{"footnotes":""},"categories":[6],"tags":[1210,1000],"class_list":["post-79726","post","type-post","status-publish","format-standard","has-post-thumbnail","hentry","category-culturaespettacolo","tag-giovanni-corallo","tag-peppe-dimartino"],"_links":{"self":[{"href":"https:\/\/www.santacroceweb.com\/index.php\/wp-json\/wp\/v2\/posts\/79726","targetHints":{"allow":["GET"]}}],"collection":[{"href":"https:\/\/www.santacroceweb.com\/index.php\/wp-json\/wp\/v2\/posts"}],"about":[{"href":"https:\/\/www.santacroceweb.com\/index.php\/wp-json\/wp\/v2\/types\/post"}],"author":[{"embeddable":true,"href":"https:\/\/www.santacroceweb.com\/index.php\/wp-json\/wp\/v2\/users\/34"}],"replies":[{"embeddable":true,"href":"https:\/\/www.santacroceweb.com\/index.php\/wp-json\/wp\/v2\/comments?post=79726"}],"version-history":[{"count":0,"href":"https:\/\/www.santacroceweb.com\/index.php\/wp-json\/wp\/v2\/posts\/79726\/revisions"}],"wp:featuredmedia":[{"embeddable":true,"href":"https:\/\/www.santacroceweb.com\/index.php\/wp-json\/wp\/v2\/media\/79727"}],"wp:attachment":[{"href":"https:\/\/www.santacroceweb.com\/index.php\/wp-json\/wp\/v2\/media?parent=79726"}],"wp:term":[{"taxonomy":"category","embeddable":true,"href":"https:\/\/www.santacroceweb.com\/index.php\/wp-json\/wp\/v2\/categories?post=79726"},{"taxonomy":"post_tag","embeddable":true,"href":"https:\/\/www.santacroceweb.com\/index.php\/wp-json\/wp\/v2\/tags?post=79726"}],"curies":[{"name":"wp","href":"https:\/\/api.w.org\/{rel}","templated":true}]}}