{"id":79855,"date":"2023-03-09T16:44:17","date_gmt":"2023-03-09T15:44:17","guid":{"rendered":"https:\/\/www.santacroceweb.com\/?p=79855"},"modified":"2023-03-09T16:45:07","modified_gmt":"2023-03-09T15:45:07","slug":"lavis-di-santa-croce-attiva-i-percorsi-di-alternanza-scuola-lavoro","status":"publish","type":"post","link":"https:\/\/www.santacroceweb.com\/index.php\/2023\/03\/09\/lavis-di-santa-croce-attiva-i-percorsi-di-alternanza-scuola-lavoro\/","title":{"rendered":"L&#8217;Avis di Santa Croce attiva i percorsi di alternanza scuola-lavoro"},"content":{"rendered":"<p style=\"text-align: justify;\"><strong>L\u2019Alternanza scuola-lavoro<\/strong> \u00e8 una modalit\u00e0 didattica innovativa, che attraverso l\u2019esperienza pratica aiuta a consolidare le conoscenze acquisite a scuola e testare sul campo le attitudini di studentesse e studenti, ad arricchirne la formazione e a orientarne il percorso di studio e, in futuro, di lavoro, grazie a progetti in linea con il loro piano di studi. Anche l\u2019Avis di Santa Croce Camerina ha avviato questo percorso per favorire la crescita dei giovani studenti santacrocesi, ma anche per imprimere loro che il lavoro \u00e8 dignit\u00e0 e il volontariato \u00e8 cittadinanza attiva.<\/p>\n<p style=\"text-align: justify;\"><strong>L\u2019Alternanza scuola-lavoro,<\/strong> obbligatoria per tutte le studentesse e gli studenti degli ultimi tre anni delle scuole superiori, licei compresi, \u00e8 una delle innovazioni pi\u00f9 significative della legge 107 del 2015 su &#8220;La Buona Scuola&#8221; in linea con il principio della scuola aperta. Un cambiamento culturale per la costruzione di un modello di vita che possa guardare anche a forme di altruismo e solidariet\u00e0.<\/p>\n<p style=\"text-align: justify;\"><strong>Clarissa Mandar\u00e0, Rosario Lauretta<\/strong>, Hadil Moussa, Farah Mabrouk, Mateo Seferi, provenienti dallo scientifico dell&#8217;istituto Quintino Cataudella di Scicli, hanno scelto l\u2019Avis di Santa Croce Camerina, coniugando i momenti di formazione, con quelli della donazione. La presenza dei volontari del servizio civile universale e gli argomenti trattati dal presidente Avis Salvatore Mandar\u00e0 hanno messo in luce le buone prassi e le pratiche di comunit\u00e0, coniugandole con la Costituzione Italiana e con le specificit\u00e0 del tessuto sociale, anche in un contesto di volontariato ed in modo particolare nella donazione del sangue\u00a0e\u00a0del\u00a0plasma.<\/p>\n","protected":false},"excerpt":{"rendered":"<p>L\u2019Alternanza scuola-lavoro \u00e8 una modalit\u00e0 didattica innovativa, che attraverso l\u2019esperienza pratica aiuta a consolidare le conoscenze acquisite a scuola e testare sul campo le attitudini di studentesse e studenti, ad arricchirne la formazione e a orientarne il percorso di studio e, in futuro, di lavoro, grazie a progetti in linea con il loro piano di [&hellip;]<\/p>\n","protected":false},"author":34,"featured_media":79856,"comment_status":"closed","ping_status":"open","sticky":false,"template":"","format":"standard","meta":{"footnotes":""},"categories":[8],"tags":[288,175,139],"class_list":["post-79855","post","type-post","status-publish","format-standard","has-post-thumbnail","hentry","category-attualita","tag-avis","tag-salvatore-mandara","tag-santa-croce-camerina"],"_links":{"self":[{"href":"https:\/\/www.santacroceweb.com\/index.php\/wp-json\/wp\/v2\/posts\/79855","targetHints":{"allow":["GET"]}}],"collection":[{"href":"https:\/\/www.santacroceweb.com\/index.php\/wp-json\/wp\/v2\/posts"}],"about":[{"href":"https:\/\/www.santacroceweb.com\/index.php\/wp-json\/wp\/v2\/types\/post"}],"author":[{"embeddable":true,"href":"https:\/\/www.santacroceweb.com\/index.php\/wp-json\/wp\/v2\/users\/34"}],"replies":[{"embeddable":true,"href":"https:\/\/www.santacroceweb.com\/index.php\/wp-json\/wp\/v2\/comments?post=79855"}],"version-history":[{"count":0,"href":"https:\/\/www.santacroceweb.com\/index.php\/wp-json\/wp\/v2\/posts\/79855\/revisions"}],"wp:featuredmedia":[{"embeddable":true,"href":"https:\/\/www.santacroceweb.com\/index.php\/wp-json\/wp\/v2\/media\/79856"}],"wp:attachment":[{"href":"https:\/\/www.santacroceweb.com\/index.php\/wp-json\/wp\/v2\/media?parent=79855"}],"wp:term":[{"taxonomy":"category","embeddable":true,"href":"https:\/\/www.santacroceweb.com\/index.php\/wp-json\/wp\/v2\/categories?post=79855"},{"taxonomy":"post_tag","embeddable":true,"href":"https:\/\/www.santacroceweb.com\/index.php\/wp-json\/wp\/v2\/tags?post=79855"}],"curies":[{"name":"wp","href":"https:\/\/api.w.org\/{rel}","templated":true}]}}