{"id":79858,"date":"2023-03-09T17:33:37","date_gmt":"2023-03-09T16:33:37","guid":{"rendered":"https:\/\/www.santacroceweb.com\/?p=79858"},"modified":"2023-03-14T19:52:18","modified_gmt":"2023-03-14T18:52:18","slug":"arrivano-sasa-salvaggio-e-bianca-atzei-il-programma-di-san-giuseppe","status":"publish","type":"post","link":"https:\/\/www.santacroceweb.com\/index.php\/2023\/03\/09\/arrivano-sasa-salvaggio-e-bianca-atzei-il-programma-di-san-giuseppe\/","title":{"rendered":"Sas\u00e0 Salvaggio e Bianca Atzei: ecco il programma di San Giuseppe"},"content":{"rendered":"<p style=\"text-align: justify;\"><strong>Con una delibera adottata in data odierna<\/strong>, la Giunta di Santa Croce ha approvato il programma e il quadro economico per le celebrazioni di San Giuseppe, che si terranno dal 17 al 19 marzo. Nell\u2019ambito della festa esterna, verr\u00e0 realizzata la 17.ma Esposizione Orto-florovivaistica e gastronomica. Ma l\u2019interesse maggiore riguarda gli spettacoli definiti \u201cdi grande levatura artistica\u201d: come si evince dal documento, infatti, \u00e8 stata prenotata la cifra di 16.500 euro per le esibizioni del cabarettista Sas\u00e0 Salvaggio e della cantante Bianca Atzei, rispettivamente venerd\u00ec 17 e sabato 18 marzo. In via Rinzivillo, sede tradizionale delle ultime sagre, verr\u00e0 riproposto un allestimento artistico che consiste in: passerella di tappeto erboso, cielo di luci, posizionamento statue artistiche, addobbi floreali e posizione di ortaggi.<\/p>\n<p style=\"text-align: justify;\"><strong>Per la realizzazione di tutti gli eventi<\/strong>, l\u2019Amministrazione comunale ha richiesto un contributo economico al Libero Consorzio di Ragusa (1.000 euro) e all\u2019Assemblea regionale siciliana (4 mila euro). Per fare fronte a una spesa complessiva da oltre 23 mila euro \u2013 cio\u00e8 i soldi per la realizzazione dell\u2019intero evento &#8211; attinger\u00e0 inoltre a 12 mila euro provenienti da sponsorizzazioni private (\u00e8 stato pubblicato un Avviso pubblico qualche settimana addietro) e per circa 6 mila euro dal bilancio comunale. Dal 18 al 20 marzo \u00e8 previsto l&#8217;allestimento di una Cena in onore di San Giuseppe nell&#8217;aula consiliare.<\/p>\n<p><iframe style=\"border: none; overflow: hidden;\" src=\"https:\/\/www.facebook.com\/plugins\/post.php?href=https%3A%2F%2Fwww.facebook.com%2Fcomunesantacrocecamerina%2Fposts%2Fpfbid02rdtf7wJC5x6FMH7xrcKDjwRkrKnesdSWv7zSJ5Bqkg7UVLxoDxfz5462tpk2osvml&amp;show_text=true&amp;width=500\" width=\"500\" height=\"579\" frameborder=\"0\" scrolling=\"no\" allowfullscreen=\"allowfullscreen\"><\/iframe><\/p>\n","protected":false},"excerpt":{"rendered":"<p>Con una delibera adottata in data odierna, la Giunta di Santa Croce ha approvato il programma e il quadro economico per le celebrazioni di San Giuseppe, che si terranno dal 17 al 19 marzo. Nell\u2019ambito della festa esterna, verr\u00e0 realizzata la 17.ma Esposizione Orto-florovivaistica e gastronomica. Ma l\u2019interesse maggiore riguarda gli spettacoli definiti \u201cdi grande [&hellip;]<\/p>\n","protected":false},"author":34,"featured_media":79859,"comment_status":"closed","ping_status":"open","sticky":false,"template":"","format":"standard","meta":{"footnotes":""},"categories":[6],"tags":[1222,480,1221],"class_list":["post-79858","post","type-post","status-publish","format-standard","has-post-thumbnail","hentry","category-culturaespettacolo","tag-bianca-atzei","tag-san-giuseppe","tag-sasa-salvaggio"],"_links":{"self":[{"href":"https:\/\/www.santacroceweb.com\/index.php\/wp-json\/wp\/v2\/posts\/79858","targetHints":{"allow":["GET"]}}],"collection":[{"href":"https:\/\/www.santacroceweb.com\/index.php\/wp-json\/wp\/v2\/posts"}],"about":[{"href":"https:\/\/www.santacroceweb.com\/index.php\/wp-json\/wp\/v2\/types\/post"}],"author":[{"embeddable":true,"href":"https:\/\/www.santacroceweb.com\/index.php\/wp-json\/wp\/v2\/users\/34"}],"replies":[{"embeddable":true,"href":"https:\/\/www.santacroceweb.com\/index.php\/wp-json\/wp\/v2\/comments?post=79858"}],"version-history":[{"count":0,"href":"https:\/\/www.santacroceweb.com\/index.php\/wp-json\/wp\/v2\/posts\/79858\/revisions"}],"wp:featuredmedia":[{"embeddable":true,"href":"https:\/\/www.santacroceweb.com\/index.php\/wp-json\/wp\/v2\/media\/79859"}],"wp:attachment":[{"href":"https:\/\/www.santacroceweb.com\/index.php\/wp-json\/wp\/v2\/media?parent=79858"}],"wp:term":[{"taxonomy":"category","embeddable":true,"href":"https:\/\/www.santacroceweb.com\/index.php\/wp-json\/wp\/v2\/categories?post=79858"},{"taxonomy":"post_tag","embeddable":true,"href":"https:\/\/www.santacroceweb.com\/index.php\/wp-json\/wp\/v2\/tags?post=79858"}],"curies":[{"name":"wp","href":"https:\/\/api.w.org\/{rel}","templated":true}]}}