{"id":79968,"date":"2023-03-30T16:57:11","date_gmt":"2023-03-30T14:57:11","guid":{"rendered":"https:\/\/www.santacroceweb.com\/?p=79968"},"modified":"2023-03-31T08:20:10","modified_gmt":"2023-03-31T06:20:10","slug":"cultrera-firrincieli-e-schinina-uniti-contro-la-propaganda-social-di-cassi","status":"publish","type":"post","link":"https:\/\/www.santacroceweb.com\/index.php\/2023\/03\/30\/cultrera-firrincieli-e-schinina-uniti-contro-la-propaganda-social-di-cassi\/","title":{"rendered":"Cultrera, Firrincieli e Schinin\u00e0 contro la pubblicit\u00e0 social di Cass\u00ec"},"content":{"rendered":"<p style=\"text-align: justify;\"><strong>\u201cAbbiamo monitorato il reiterarsi<\/strong> di pubblicazioni sulla pagina istituzionale Facebook del sindaco di Ragusa su temi esclusivamente di campagna elettorale (basti vedere la grafica apposta nell\u2019immagine di copertina della pagina in oggetto). Riteniamo non sia affatto un comportamento etico e per nulla in linea con quella carta dei principi emanata giorni fa dal candidato sindaco Cass\u00ec in cui si faceva riferimento a toni pacati, moderati e ad un\u2019etica di fondo da seguire sempre. Ciascuno di noi tre sta facendo la propria campagna elettorale investendo nella comunicazione, a tutti livelli, proprie risorse. Questo consente, da parte nostra, di adottare un\u2019equit\u00e0 di fondo sui mezzi utilizzati, non sappiamo se si pu\u00f2 dire lo stesso del candidato sindaco Cass\u00ec. Non volendo pensare che chi oggi cura la pagina social in oggetto sia pagato con i soldi dei ragusani!<\/p>\n<p style=\"text-align: justify;\"><strong>La pagina ha un gran seguito<\/strong> commisurato ai quasi cinque anni di amministrazione, nel corso dei quali sono stati tantissimi i cittadini che l\u2019hanno seguita proprio per avere informazioni e notizie in tempo reale sull\u2019attivit\u00e0 istituzionale. Basti pensare ai durissimi anni di pandemia quando attraverso i canali social il sindaco Cass\u00ec, al pari di altri amministratori, informava i cittadini su tutte le misure adottate per il Covid e tutte gli avvisi utili e imprescindibili in quel difficile periodo, quando i social erano certamente tra i pochi strumenti a disposizione per ottenere informazioni utili in brevissimo tempo. La stessa cosa dicasi tutte le volte che \u00e8 stata diramata l\u2019allerta meteo e tantissimi tra genitori, studenti, docenti e personale scolastico avevano bisogno di sapere se fosse prevista o meno la chiusura delle scuole. La stessa cosa dicasi, ancora, per gli eventi e le attivit\u00e0 in cui il Comune di Ragusa ha dato il proprio contributo, promuovendo gli stessi.<\/p>\n<p style=\"text-align: justify;\"><strong>Ecco, alla luce di ci\u00f2,<\/strong> la pagina istituzionale del sindaco Cass\u00ec deve rimanere tale, ossia continuare a fornire, attraverso chi ha l\u2019incarico professionale di farlo per conto del Comune di Ragusa, comunicazioni istituzionali e di carattere amministrativo, non certo pu\u00f2 diventare una pagina del candidato Peppe Cass\u00ec con tutte le proposte e le iniziative che vengono avviate in questi mesi di campagna elettorale. A ulteriore supporto di quanto sinora dichiarato, basti vedere che tra le informazioni che si evincono dalla pagina Facebook in oggetto, sono riportati come indirizzo mail il seguente sindaco@comune.ragusa.it e come sito di riferimento comune.ragusa.it (strumenti entrambi del Comune di Ragusa e non di propriet\u00e0 del candidato Cass\u00ec). Altrimenti non solo si accentuer\u00e0 il divario comunicativo, ma ci si andrebbe a scontrare con quell\u2019etica e quei toni pacati spesso richiamati dal candidato sindaco Cass\u00ec, e nei fatti non messi in pratica.<\/p>\n<p style=\"text-align: justify;\"><strong>Chiediamo dunque che si seguano<\/strong> le regole per tutti uguali e che la pagina istituzionale del Sindaco Peppe Cass\u00ec prosegua nel fornire alla cittadinanza comunicazioni inerenti le attivit\u00e0 dell\u2019Ente e che si cessi, nell\u2019immediato, di far pubblicare informazioni, iniziative e attivit\u00e0 dal chiaro tono propagandistico del candidato Cass\u00ec. Certi di aver chiarito la posizione unanime espressa, siamo sicuri che tale anomalia verr\u00e0 risolta nel volgere di 24 ore, eliminando tutti quei post dal chiaro ed evidente argomento elettorale\u201d.<\/p>\n<p>F.to<br \/>\nGiovanni Cultrera<br \/>\nSergio Firrincieli<br \/>\nRiccardo Schinin\u00e0<\/p>\n<p style=\"text-align: justify;\"><span style=\"color: #ff6600;\"><strong>Gruppo Peppe Cass\u00ec sindaco: il candidato sindaco Peppe Cass\u00ec replica alla nota congiunta dei tre candidati sindaco<\/strong><\/span><\/p>\n<p style=\"text-align: justify;\"><span style=\"color: #ff6600;\"><strong>Ecco la dichiarazione:<\/strong><\/span><\/p>\n<p style=\"text-align: justify;\">\u201cVisto che a scomodarsi sono ben tre candidati sindaco e tutti i partiti politici che rappresentano, devo replicare su una questione che a me pare surreale e di dubbio interesse per la citt\u00e0. La mia pagina Facebook, che a detta loro squilibra la contesa elettorale &#8211; io pensavo che contassero di pi\u00f9 le azioni e le idee, le proposte e i programmi &#8211; \u00e8 stata da me aperta quando, come hanno fatto loro, ero un candidato sindaco. Da l\u00ec, come per tutti i sindaci, i governatori, i deputati e i senatori di Italia, la pagina \u00e8 diventata uno strumento di dialogo con i cittadini e di informazione, tramite cui in questi 5 anni ho dato notizie ma anche espresso pareri e punti di vista. Supportati dai loro staff legittimamente assunti, tutti i leader dei loro partiti non hanno o non avevano pagine Facebook mentre si alternavano sulle varie poltrone di governo?<\/p>\n<p style=\"text-align: justify;\">Nel disperato tentativo di ben 3 candidati di attaccare giornalmente solo me &#8211; come se la contesa non fosse anche tra loro &#8211; dimenticano che \u00e8 logico &#8211; e menomale che sia cos\u00ec &#8211; che un amministratore faccia comunicazione politica attraverso i propri canali innanzitutto con le azioni fatte, con le sue scelte e non solo con slogan e frasi vuote. Se a loro disturba il fatto che, attraverso una pagina Facebook, i cittadini siano da 5 anni regolarmente informati sulla gestione della cosa pubblica, che questa pagina abbia contribuito a gestire periodi difficili per la nostra comunit\u00e0, il \u201cfastidio\u201d credo sia tutto loro. Se le loro pagine Facebook sono poco seguite magari \u00e8 perch\u00e9 si sono interessati alla cosa pubblica solo sotto elezioni. Personalmente penso di dovermi occupare &#8211; e dovrebbero farlo anche loro &#8211; di cose pi\u00f9 importanti. Se la campagna elettorale appare loro squilibrata, si facciano delle domande anzich\u00e9 invocare una censura con tanto di ultimatum\u201d.<\/p>\n","protected":false},"excerpt":{"rendered":"<p>\u201cAbbiamo monitorato il reiterarsi di pubblicazioni sulla pagina istituzionale Facebook del sindaco di Ragusa su temi esclusivamente di campagna elettorale (basti vedere la grafica apposta nell\u2019immagine di copertina della pagina in oggetto). Riteniamo non sia affatto un comportamento etico e per nulla in linea con quella carta dei principi emanata giorni fa dal candidato sindaco [&hellip;]<\/p>\n","protected":false},"author":34,"featured_media":79969,"comment_status":"closed","ping_status":"open","sticky":false,"template":"","format":"standard","meta":{"footnotes":""},"categories":[4],"tags":[991,1235,151,1233,1234],"class_list":["post-79968","post","type-post","status-publish","format-standard","has-post-thumbnail","hentry","category-politica","tag-elezioni-amministrative","tag-giovanni-cultrera","tag-ragusa","tag-riccardo-schinina","tag-sergio-firrincieli"],"_links":{"self":[{"href":"https:\/\/www.santacroceweb.com\/index.php\/wp-json\/wp\/v2\/posts\/79968","targetHints":{"allow":["GET"]}}],"collection":[{"href":"https:\/\/www.santacroceweb.com\/index.php\/wp-json\/wp\/v2\/posts"}],"about":[{"href":"https:\/\/www.santacroceweb.com\/index.php\/wp-json\/wp\/v2\/types\/post"}],"author":[{"embeddable":true,"href":"https:\/\/www.santacroceweb.com\/index.php\/wp-json\/wp\/v2\/users\/34"}],"replies":[{"embeddable":true,"href":"https:\/\/www.santacroceweb.com\/index.php\/wp-json\/wp\/v2\/comments?post=79968"}],"version-history":[{"count":0,"href":"https:\/\/www.santacroceweb.com\/index.php\/wp-json\/wp\/v2\/posts\/79968\/revisions"}],"wp:featuredmedia":[{"embeddable":true,"href":"https:\/\/www.santacroceweb.com\/index.php\/wp-json\/wp\/v2\/media\/79969"}],"wp:attachment":[{"href":"https:\/\/www.santacroceweb.com\/index.php\/wp-json\/wp\/v2\/media?parent=79968"}],"wp:term":[{"taxonomy":"category","embeddable":true,"href":"https:\/\/www.santacroceweb.com\/index.php\/wp-json\/wp\/v2\/categories?post=79968"},{"taxonomy":"post_tag","embeddable":true,"href":"https:\/\/www.santacroceweb.com\/index.php\/wp-json\/wp\/v2\/tags?post=79968"}],"curies":[{"name":"wp","href":"https:\/\/api.w.org\/{rel}","templated":true}]}}