{"id":80159,"date":"2023-05-19T15:30:34","date_gmt":"2023-05-19T13:30:34","guid":{"rendered":"https:\/\/www.santacroceweb.com\/?p=80159"},"modified":"2023-05-19T16:03:08","modified_gmt":"2023-05-19T14:03:08","slug":"comiso-si-liberi-di-sac-per-tornare-a-volare-scontro-fra-torrisi-e-campo","status":"publish","type":"post","link":"https:\/\/www.santacroceweb.com\/index.php\/2023\/05\/19\/comiso-si-liberi-di-sac-per-tornare-a-volare-scontro-fra-torrisi-e-campo\/","title":{"rendered":"&#8220;Comiso si liberi di Sac per tornare a volare&#8221;: scontro Torrisi-Campo"},"content":{"rendered":"<p style=\"text-align: justify;\"><strong>\u201cIl territorio sperava di avere<\/strong> chiarimenti, proposte e soluzioni, ma l\u2019unica proposta che \u00e8 arrivata dall\u2019Ad di Sac Nico Torrisi \u00e8 quella che i Comuni partecipino attivamente con le proprie tasse di soggiorno ad ingrossare il bilancio della Sac\u201d. Lo dice la deputata regionale Stefania Campo, a margine dell\u2019incontro che si \u00e8 tenuto questa mattina presso il Libero Consorzio di Ragusa e che ha visto la presenza del commissario Salvatore Piazza, di alcuni sindaci del territorio, dei vertici Sac oltre che di parte della deputazione.<\/p>\n<p style=\"text-align: justify;\"><strong>\u201cTorrisi \u00e8 venuto a Ragusa<\/strong> in maniera prevenuta, \u2013 rimarca Campo \u2013 Tra l\u2019altro, a margine della riunione ha attaccato la sottoscritta, nella sua qualit\u00e0 di deputato regionale con toni poco cordiali avanzando provocazioni nei confronti di Aerolinee siciliane. Sar\u00f2 chiara una volta per tutte, ho profonda stima e rispetto di tutti quegli gli azionisti di una societ\u00e0 siciliana composta da cittadini, professionisti, imprenditori che stanno inseguendo il sogno di una compagnia siciliana e che hanno dignit\u00e0 almeno pari a quella dello stesso Torrisi che riveste, lo ricordiamo, la funzione di rappresentanza legale di una societ\u00e0 a capitale pubblico che beneficia di risorse pubbliche, sul suolo della Regione Siciliana. Nessun problema personale, peccato che rivolgendosi in modo non troppo educato con me, tra l\u2019altro in casa d\u2019altri, \u00e8 come se lo avesse fatto nei confronti del territorio che rappresento. La verit\u00e0 \u00e8 che non c\u2019\u00e8 una visione per Comiso da parte di Sac, e si continua ad arrancare nella speranza di interventi pubblici. Ovviamente siamo consapevoli che si tratta di un piccolo aeroporto, ma siamo altrettanto consapevoli che a livello geografico Comiso ha comunque grandi potenzialit\u00e0. Non abbiamo capito se la Regione fosse stata gi\u00e0 allertata della cancellazione di Ryanair nonostante una mia precisa domanda, non abbiamo capito quanti soldi prender\u00e0 Aeroitalia a livello di contributi anche se comunque \u00e8 stato chiarito che ricever\u00e0 meno di Ryanair anche perch\u00e9 operer\u00e0 meno tratte. Oggi pi\u00f9 di ieri siamo fermamente convinti che l\u2019unico modo per modificare la situazione \u00e8 quello di un cambio radicale, bisogna revocare la concessione perch\u00e9 un gestore con un aeroporto in perdita da ben 11 anni e che non ha una strategia di sviluppo non potr\u00e0 mai far crescere le potenzialit\u00e0 di questo territorio. Del resto dalle affermazioni dello stesso Torrisi abbiamo appreso che Comiso senza Catania vale ben poco quindi \u00e8 evidente che il nostro aeroporto \u00e8 considerato una palla al piede per Catania. Bisogna che la gestione dell\u2019aeroporto di Comiso non sia pi\u00f9 di Sac\u201d.<\/p>\n<p style=\"text-align: justify;\"><strong>A margine dell&#8217;appuntamento<\/strong> di questa mattina \u00e8 intervenuto anche il parlamentare regionale del Pd, Nello Dipasquale: \u201c\u00c8 necessario, ora, che il Governo della Regione, con il presidente Schifani in primis e con l\u2019assessore alle Infrastrutture Aric\u00f2, del quale ho riscontrato la disponibilit\u00e0 al confronto, prenda in mano questa faccenda inserendola in una progettazione complessiva della mobilit\u00e0 regionale tramite tutti gli aeroporti, compresi quelli minori\u201d. \u201cCos\u00ec ho chiesto che questo incontro non sia l\u2019ultimo &#8211; ha concluso il parlamentare del PD &#8211; ma anzi il primo per affrontare seriamente il problema di Comiso, ma serve discuterne con il Governo, la SAC, i sindaci, i parlamentari e le associazioni di categoria per progettare concretamente il futuro di questa infrastruttura che senza una pianificazione adeguata rischia di morire\u201d.<\/p>\n","protected":false},"excerpt":{"rendered":"<p>\u201cIl territorio sperava di avere chiarimenti, proposte e soluzioni, ma l\u2019unica proposta che \u00e8 arrivata dall\u2019Ad di Sac Nico Torrisi \u00e8 quella che i Comuni partecipino attivamente con le proprie tasse di soggiorno ad ingrossare il bilancio della Sac\u201d. Lo dice la deputata regionale Stefania Campo, a margine dell\u2019incontro che si \u00e8 tenuto questa mattina [&hellip;]<\/p>\n","protected":false},"author":34,"featured_media":80160,"comment_status":"closed","ping_status":"open","sticky":false,"template":"","format":"standard","meta":{"footnotes":""},"categories":[4],"tags":[162,483,1248,608],"class_list":["post-80159","post","type-post","status-publish","format-standard","has-post-thumbnail","hentry","category-politica","tag-aeroporto-di-comiso","tag-nello-dipasquale","tag-nico-torrisi","tag-stefania-campo"],"_links":{"self":[{"href":"https:\/\/www.santacroceweb.com\/index.php\/wp-json\/wp\/v2\/posts\/80159","targetHints":{"allow":["GET"]}}],"collection":[{"href":"https:\/\/www.santacroceweb.com\/index.php\/wp-json\/wp\/v2\/posts"}],"about":[{"href":"https:\/\/www.santacroceweb.com\/index.php\/wp-json\/wp\/v2\/types\/post"}],"author":[{"embeddable":true,"href":"https:\/\/www.santacroceweb.com\/index.php\/wp-json\/wp\/v2\/users\/34"}],"replies":[{"embeddable":true,"href":"https:\/\/www.santacroceweb.com\/index.php\/wp-json\/wp\/v2\/comments?post=80159"}],"version-history":[{"count":0,"href":"https:\/\/www.santacroceweb.com\/index.php\/wp-json\/wp\/v2\/posts\/80159\/revisions"}],"wp:featuredmedia":[{"embeddable":true,"href":"https:\/\/www.santacroceweb.com\/index.php\/wp-json\/wp\/v2\/media\/80160"}],"wp:attachment":[{"href":"https:\/\/www.santacroceweb.com\/index.php\/wp-json\/wp\/v2\/media?parent=80159"}],"wp:term":[{"taxonomy":"category","embeddable":true,"href":"https:\/\/www.santacroceweb.com\/index.php\/wp-json\/wp\/v2\/categories?post=80159"},{"taxonomy":"post_tag","embeddable":true,"href":"https:\/\/www.santacroceweb.com\/index.php\/wp-json\/wp\/v2\/tags?post=80159"}],"curies":[{"name":"wp","href":"https:\/\/api.w.org\/{rel}","templated":true}]}}