{"id":80280,"date":"2023-05-31T19:13:26","date_gmt":"2023-05-31T17:13:26","guid":{"rendered":"https:\/\/www.santacroceweb.com\/?p=80280"},"modified":"2023-06-05T11:34:32","modified_gmt":"2023-06-05T09:34:32","slug":"servizio-idrico-la-mediale-e-fuori-dopo-oltre-20-anni-sgomberati-i-privati","status":"publish","type":"post","link":"https:\/\/www.santacroceweb.com\/index.php\/2023\/05\/31\/servizio-idrico-la-mediale-e-fuori-dopo-oltre-20-anni-sgomberati-i-privati\/","title":{"rendered":"Servizio idrico, la Mediale \u00e8 fuori: dopo oltre 20 anni sgomberati i privati"},"content":{"rendered":"<p style=\"text-align: justify;\"><strong>&#8220;Mediale ha continuato ad essere<\/strong> indisponibile alla consegna del sistema idrico. Quindi, come disposto da un&#8217;ordinanza dirigenziale, abbiamo provveduto all&#8217;immissione in possesso con l&#8217;ausilio della forza pubblica. Questa \u00e8 una soluzione che non fa piacere a nessuno, ma era nostro dovere garantire che il sistema idrico tornasse alla gestione pubblica come previsto dalla norma&#8221;. Con queste parole il sindaco Peppe Dimartino ha annunciato, in un video sui social, lo sgombero della ditta catanese dall&#8217;acquedotto che nel &#8217;99 aveva provveduto a realizzare.<\/p>\n<p style=\"text-align: justify;\"><strong>Da domani Iblea Acque prender\u00e0<\/strong> ufficialmente possesso degli impianti che sono stati ripresi in carico dall\u2019Amministrazione comunale, insieme alla Polizia municipale, dopo la lunga serie di solleciti ignorati da Mediale. Iblea Acque si far\u00e0 anche carico da subito di assumere il personale gi\u00e0 impiegato da Mediale, a tutela sia della continuit\u00e0 del servizio per la collettivit\u00e0 che della continuit\u00e0 lavorativa per i lavoratori stessi. \u201cE\u2019 stata infatti assicurata la continuit\u00e0 lavorativa di chi fino a questo momento ha lavorato &#8211; ricorda il sindaco Peppe Dimartino &#8211; e questo \u00e8 stato naturalmente uno degli aspetti a cui abbiamo maggiormente tenuto in questo passaggio che \u00e8 davvero epocale per Santa Croce. Ricordiamo che Mediale era in scadenza lo scorso 31 dicembre, abbiamo fatto delle proroghe per consentire che il passaggio avvenisse in maniera pacifica, ma questo non \u00e8 stato possibile e il servizio non poteva continuare ad essere detenuto da una societ\u00e0 che non aveva pi\u00f9 titolo per farlo. \u00c8 l&#8217;inizio di una nuova era per la nostra citt\u00e0\u201d.<\/p>\n<p style=\"text-align: justify;\"><strong>Anche se le pendenze restano:<\/strong> <span style=\"text-decoration: underline;\"><a href=\"https:\/\/www.santacroceweb.com\/index.php\/2023\/05\/30\/due-milioni-di-buoni-motivi-per-resistere-la-mediale-si-appella-al-tar\/\" target=\"_blank\" rel=\"noopener\">Mediale aveva impugnato<\/a><\/span> la delibera di sgombero, chiedendo la sospensiva al Tar. La ditta privata dovrebbe ancora riscuotere 2,4 milioni per pregressa morosit\u00e0 da parte dei contribuenti.<\/p>\n<p><span style=\"text-decoration: underline;\"><a href=\"https:\/\/www.facebook.com\/PeppeDimartinoSindaco\/videos\/241518511910990\/\" target=\"_blank\" rel=\"noopener\">GUARDA IL VIDEO<\/a><\/span><\/p>\n","protected":false},"excerpt":{"rendered":"<p>&#8220;Mediale ha continuato ad essere indisponibile alla consegna del sistema idrico. Quindi, come disposto da un&#8217;ordinanza dirigenziale, abbiamo provveduto all&#8217;immissione in possesso con l&#8217;ausilio della forza pubblica. Questa \u00e8 una soluzione che non fa piacere a nessuno, ma era nostro dovere garantire che il sistema idrico tornasse alla gestione pubblica come previsto dalla norma&#8221;. Con [&hellip;]<\/p>\n","protected":false},"author":34,"featured_media":80284,"comment_status":"closed","ping_status":"open","sticky":false,"template":"","format":"standard","meta":{"footnotes":""},"categories":[4],"tags":[1062,1160,1000],"class_list":["post-80280","post","type-post","status-publish","format-standard","has-post-thumbnail","hentry","category-politica","tag-iblea-acque","tag-mediale","tag-peppe-dimartino"],"_links":{"self":[{"href":"https:\/\/www.santacroceweb.com\/index.php\/wp-json\/wp\/v2\/posts\/80280","targetHints":{"allow":["GET"]}}],"collection":[{"href":"https:\/\/www.santacroceweb.com\/index.php\/wp-json\/wp\/v2\/posts"}],"about":[{"href":"https:\/\/www.santacroceweb.com\/index.php\/wp-json\/wp\/v2\/types\/post"}],"author":[{"embeddable":true,"href":"https:\/\/www.santacroceweb.com\/index.php\/wp-json\/wp\/v2\/users\/34"}],"replies":[{"embeddable":true,"href":"https:\/\/www.santacroceweb.com\/index.php\/wp-json\/wp\/v2\/comments?post=80280"}],"version-history":[{"count":0,"href":"https:\/\/www.santacroceweb.com\/index.php\/wp-json\/wp\/v2\/posts\/80280\/revisions"}],"wp:featuredmedia":[{"embeddable":true,"href":"https:\/\/www.santacroceweb.com\/index.php\/wp-json\/wp\/v2\/media\/80284"}],"wp:attachment":[{"href":"https:\/\/www.santacroceweb.com\/index.php\/wp-json\/wp\/v2\/media?parent=80280"}],"wp:term":[{"taxonomy":"category","embeddable":true,"href":"https:\/\/www.santacroceweb.com\/index.php\/wp-json\/wp\/v2\/categories?post=80280"},{"taxonomy":"post_tag","embeddable":true,"href":"https:\/\/www.santacroceweb.com\/index.php\/wp-json\/wp\/v2\/tags?post=80280"}],"curies":[{"name":"wp","href":"https:\/\/api.w.org\/{rel}","templated":true}]}}