{"id":80287,"date":"2023-06-02T09:53:02","date_gmt":"2023-06-02T07:53:02","guid":{"rendered":"https:\/\/www.santacroceweb.com\/?p=80287"},"modified":"2023-06-02T09:53:02","modified_gmt":"2023-06-02T07:53:02","slug":"santa-croce-attiva-contro-agnello-e-lallegra-brigata-del-copia-incolla","status":"publish","type":"post","link":"https:\/\/www.santacroceweb.com\/index.php\/2023\/06\/02\/santa-croce-attiva-contro-agnello-e-lallegra-brigata-del-copia-incolla\/","title":{"rendered":"Santa Croce Attiva contro Agnello e l&#8217;allegra brigata del copia\/incolla"},"content":{"rendered":"<p style=\"text-align: justify;\"><strong>\u201cSe non fosse tragico sarebbe<\/strong> una comica divertente\u201d. Lo scrive il gruppo Santa Croce Attiva, in una nota intitolata provocatoriamente \u201cL\u2019allegra brigata del copia\/incolla\u201d. \u201cL&#8217;altro ieri \u2013 ripercorre il comunicato &#8211; \u00e8 andata in onda in consiglio comunale una scena imbarazzante. Dopo la votazione sul regolamento Tari, l&#8217;opposizione ha fatto notare in modo clamoroso che il regolamento era stato copiato da un altro paese e che avevano dimenticato di cancellare nei fogli il nome del paese, roba da sprofondare! Ci chiediamo se questi campioni si leggono le carte, i regolamenti, le norme per di pi\u00f9 addossando la responsabilit\u00e0 agli uffici che invece fanno il loro lavoro di fornire una base da cui partire\u201d.<\/p>\n<p style=\"text-align: justify;\"><strong>\u201cChi sceglie &#8211; rilancia il gruppo<\/strong> guidato da Manlio La Ciura &#8211; sono i politici non i dipendenti! Come possono avanzare delle riduzioni ed esenzioni adottate da altri paesi? E non \u00e8 tutto: hanno pure respinto le proposte dell&#8217;opposizione di inserire le esenzioni dal pagamento per i soggetti disabili e per i titolari di un reddito minimo; a loro la protezione sociale non frega nulla, solo pannicelli caldi, pubblicit\u00e0 e propaganda su piccole esenzioni riguardanti pochissimi commercianti del centro storico. Con la faccia di bronzo affermano ancora insistentemente che hanno abbassato la Tari! Hanno ammesso loro stessi che la tassa, facendo i loro calcoli, \u00e8 rimasta aumentata dello 2,6 per cento, e non del 5 per cento, ma non importa il quanto, quello che importa \u00e8 che hanno inventato che la Tari \u00e8 stata diminuita! La Tari si pagher\u00e0 di pi\u00f9! L&#8217;aumento del 10 per cento annunciato non \u00e8 stato azzerato\u201d.<\/p>\n<p style=\"text-align: justify;\"><strong>\u201cDa ultimo \u2013 conclude la nota &#8211;<\/strong> denunciamo con tutte le forze il comportamento irriguardoso, arrogante e persino aggressivo di un presidente del Consiglio che privilegiando formalismi e procedure, nega la parola ai consiglieri alzando la voce come un capetto di quartiere, mortificando il suo ruolo, il dibattito democratico e il collegio che presiede. Cari concittadini prendete coscienza non meritiamo tutto ci\u00f2!\u201d.<\/p>\n","protected":false},"excerpt":{"rendered":"<p>\u201cSe non fosse tragico sarebbe una comica divertente\u201d. Lo scrive il gruppo Santa Croce Attiva, in una nota intitolata provocatoriamente \u201cL\u2019allegra brigata del copia\/incolla\u201d. \u201cL&#8217;altro ieri \u2013 ripercorre il comunicato &#8211; \u00e8 andata in onda in consiglio comunale una scena imbarazzante. Dopo la votazione sul regolamento Tari, l&#8217;opposizione ha fatto notare in modo clamoroso che [&hellip;]<\/p>\n","protected":false},"author":34,"featured_media":79073,"comment_status":"closed","ping_status":"open","sticky":false,"template":"","format":"standard","meta":{"footnotes":""},"categories":[4],"tags":[141,150,892,139],"class_list":["post-80287","post","type-post","status-publish","format-standard","has-post-thumbnail","hentry","category-politica","tag-luca-agnello","tag-manlio-la-ciura","tag-santa-croce-attiva","tag-santa-croce-camerina"],"_links":{"self":[{"href":"https:\/\/www.santacroceweb.com\/index.php\/wp-json\/wp\/v2\/posts\/80287","targetHints":{"allow":["GET"]}}],"collection":[{"href":"https:\/\/www.santacroceweb.com\/index.php\/wp-json\/wp\/v2\/posts"}],"about":[{"href":"https:\/\/www.santacroceweb.com\/index.php\/wp-json\/wp\/v2\/types\/post"}],"author":[{"embeddable":true,"href":"https:\/\/www.santacroceweb.com\/index.php\/wp-json\/wp\/v2\/users\/34"}],"replies":[{"embeddable":true,"href":"https:\/\/www.santacroceweb.com\/index.php\/wp-json\/wp\/v2\/comments?post=80287"}],"version-history":[{"count":0,"href":"https:\/\/www.santacroceweb.com\/index.php\/wp-json\/wp\/v2\/posts\/80287\/revisions"}],"wp:featuredmedia":[{"embeddable":true,"href":"https:\/\/www.santacroceweb.com\/index.php\/wp-json\/wp\/v2\/media\/79073"}],"wp:attachment":[{"href":"https:\/\/www.santacroceweb.com\/index.php\/wp-json\/wp\/v2\/media?parent=80287"}],"wp:term":[{"taxonomy":"category","embeddable":true,"href":"https:\/\/www.santacroceweb.com\/index.php\/wp-json\/wp\/v2\/categories?post=80287"},{"taxonomy":"post_tag","embeddable":true,"href":"https:\/\/www.santacroceweb.com\/index.php\/wp-json\/wp\/v2\/tags?post=80287"}],"curies":[{"name":"wp","href":"https:\/\/api.w.org\/{rel}","templated":true}]}}