{"id":80405,"date":"2023-06-25T09:51:23","date_gmt":"2023-06-25T07:51:23","guid":{"rendered":"https:\/\/www.santacroceweb.com\/?p=80405"},"modified":"2023-06-25T09:51:23","modified_gmt":"2023-06-25T07:51:23","slug":"punta-secca-la-fermata-degli-autobus-si-sposta-in-via-donnafugata","status":"publish","type":"post","link":"https:\/\/www.santacroceweb.com\/index.php\/2023\/06\/25\/punta-secca-la-fermata-degli-autobus-si-sposta-in-via-donnafugata\/","title":{"rendered":"Punta Secca, la fermata degli autobus si sposta in via Donnafugata"},"content":{"rendered":"<p style=\"text-align: justify;\"><strong>Da luned\u00ec 26 giugno<\/strong> la fermata degli autobus di linea della ditta Tumino Trasporti, tratta Santa Croce \u2013 Punta Secca \u2013 Casuzze \u2013 Marina di Ragusa \u2013 Ragusa e viceversa, prevista a Punta Secca in corso Mediterraneo, in prossimit\u00e0 della rotatoria, sar\u00e0 soppressa. La nuova fermata \u00e8 stata istituita in via Donnafugata, ove l\u2019Amministrazione Comunale ha realizzato un\u2019apposita area con pensilina. E&#8217; quanto stabilito dall&#8217;ordinanza n.809, a firma del responsabile del V Dipartimento, che prevede inoltre l&#8217;istituzione di una sosta riservata ai bus turistici, sul lato sinistro del tratto iniziale della SC 35, direzione di marcia Punta Secca-Santa Croce, negli spazi appositamente delimitati dalla segnaletica orizzontale e verticale.<\/p>\n<p>&nbsp;<\/p>\n","protected":false},"excerpt":{"rendered":"<p>Da luned\u00ec 26 giugno la fermata degli autobus di linea della ditta Tumino Trasporti, tratta Santa Croce \u2013 Punta Secca \u2013 Casuzze \u2013 Marina di Ragusa \u2013 Ragusa e viceversa, prevista a Punta Secca in corso Mediterraneo, in prossimit\u00e0 della rotatoria, sar\u00e0 soppressa. La nuova fermata \u00e8 stata istituita in via Donnafugata, ove l\u2019Amministrazione Comunale [&hellip;]<\/p>\n","protected":false},"author":34,"featured_media":80406,"comment_status":"closed","ping_status":"open","sticky":false,"template":"","format":"standard","meta":{"footnotes":""},"categories":[8],"tags":[143],"class_list":["post-80405","post","type-post","status-publish","format-standard","has-post-thumbnail","hentry","category-attualita","tag-punta-secca"],"_links":{"self":[{"href":"https:\/\/www.santacroceweb.com\/index.php\/wp-json\/wp\/v2\/posts\/80405","targetHints":{"allow":["GET"]}}],"collection":[{"href":"https:\/\/www.santacroceweb.com\/index.php\/wp-json\/wp\/v2\/posts"}],"about":[{"href":"https:\/\/www.santacroceweb.com\/index.php\/wp-json\/wp\/v2\/types\/post"}],"author":[{"embeddable":true,"href":"https:\/\/www.santacroceweb.com\/index.php\/wp-json\/wp\/v2\/users\/34"}],"replies":[{"embeddable":true,"href":"https:\/\/www.santacroceweb.com\/index.php\/wp-json\/wp\/v2\/comments?post=80405"}],"version-history":[{"count":0,"href":"https:\/\/www.santacroceweb.com\/index.php\/wp-json\/wp\/v2\/posts\/80405\/revisions"}],"wp:featuredmedia":[{"embeddable":true,"href":"https:\/\/www.santacroceweb.com\/index.php\/wp-json\/wp\/v2\/media\/80406"}],"wp:attachment":[{"href":"https:\/\/www.santacroceweb.com\/index.php\/wp-json\/wp\/v2\/media?parent=80405"}],"wp:term":[{"taxonomy":"category","embeddable":true,"href":"https:\/\/www.santacroceweb.com\/index.php\/wp-json\/wp\/v2\/categories?post=80405"},{"taxonomy":"post_tag","embeddable":true,"href":"https:\/\/www.santacroceweb.com\/index.php\/wp-json\/wp\/v2\/tags?post=80405"}],"curies":[{"name":"wp","href":"https:\/\/api.w.org\/{rel}","templated":true}]}}