{"id":80764,"date":"2023-08-08T18:28:53","date_gmt":"2023-08-08T16:28:53","guid":{"rendered":"https:\/\/www.santacroceweb.com\/?p=80764"},"modified":"2023-08-09T10:37:18","modified_gmt":"2023-08-09T08:37:18","slug":"il-memorial-giannunzio-mandara-compie-18-anni-si-parte-il-21-agosto","status":"publish","type":"post","link":"https:\/\/www.santacroceweb.com\/index.php\/2023\/08\/08\/il-memorial-giannunzio-mandara-compie-18-anni-si-parte-il-21-agosto\/","title":{"rendered":"Il Memorial &#8220;Giannunzio Mandar\u00e0&#8221; compie 18 anni. Si parte il 21 agosto"},"content":{"rendered":"<p style=\"text-align: justify;\"><strong>Si apre con i saluti del sindaco<\/strong> Dimartino, la conferenza stampa per il 18\u00b0 memorial dedicato a Giannunzio Mandar\u00e0. \u201cQuesta amministrazione ha il piacere di presentare questo evento per la seconda volta. Pi\u00f9 che un evento sportivo \u00e8 il ricordo di uno stile di vita che Giannunzio ha lasciato a tutti noi e che grazie all\u2019impegno del pap\u00e0 e a quello di coach Giancarlo Distefano si rinnova ogni anno\u201d. Per il professore Mandar\u00e0, questo appuntamento \u00e8 diventato un momento cardine per la vita del paese. Un percorso formativo, per tanti ragazzi a cui lo sport insegna la socialit\u00e0 e la correttezza nei rapporti con i compagni e non solo. \u201cGiannunzio sarebbe felice di vedere questa \u201cbrigata\u201d di giovani e bambini che nel suo nome si impegna in questo magnifico sport che \u00e8 il basket\u201d.<\/p>\n<p><img fetchpriority=\"high\" decoding=\"async\" class=\"alignright size-full wp-image-80768 lazyload\" src=\"data:image\/gif;base64,R0lGODlhAQABAAAAACH5BAEKAAEALAAAAAABAAEAAAICTAEAOw==\" data-src=\"https:\/\/www.santacroceweb.com\/giornale1\/wp-content\/uploads\/2023\/08\/presentazione.jpg\" alt=\"\" width=\"1600\" height=\"900\" data-sizes=\"auto\" data-srcset=\"https:\/\/www.santacroceweb.com\/giornale1\/wp-content\/uploads\/2023\/08\/presentazione.jpg 1600w, https:\/\/www.santacroceweb.com\/giornale1\/wp-content\/uploads\/2023\/08\/presentazione-1536x864.jpg 1536w\" sizes=\"(max-width: 1600px) 100vw, 1600px\" \/><\/p>\n<p style=\"text-align: justify;\"><strong>\u201cCi viene a trovare per il secondo anno<\/strong> una rappresentanza della squadra maltese. Tra piazza e palestra, il programma, che quest&#8217;anno partir\u00e0 dal 21 agosto fino al 26, vedr\u00e0 le squadre sfidarsi in tre quadrangolari giovanili che si terranno presso la palestra Santa Rosalia. Poi continuer\u00e0 in piazza Vittorio Emanuele, dove ci sar\u00e0 la categoria pulcini con le partite di Easy Basket a chiudere\u201d, spiega Giancarlo Distefano. Presenti alla conferenza stampa il sindaco con il presidente del consiglio e quasi tutta la giunta. Assente giustificato l\u2019assessore Mandar\u00e0 in ospedale con la moglie: si prepara a diventare pap\u00e0.<\/p>\n<p><span style=\"color: #ff0000;\"><strong>L&#8217;evento<\/strong><\/span><\/p>\n<p style=\"text-align: justify;\">Il programma prevede tre quadrangolari giovanili, sempre dalle 17: luned\u00ec 21 per l\u2019Under-19, marted\u00ec 22 giocher\u00e0 l\u2019Under-17, mercoled\u00ec 23 \u00e8 il turno dell\u2019Under-13. Poi ci si sposta in piazza Vittorio Emanuele II per il minibasket, strutturati in due gironi da quattro squadre: gioved\u00ec 24 agosto gli Scoiattoli, venerd\u00ec 25 agosto gli Aquilotti Small. Chiuder\u00e0 il memorial la categoria Pulcini, con le partite Easy Basket in piazza Vittorio Emanuele II dalle 17 di sabato 26 agosto.<\/p>\n","protected":false},"excerpt":{"rendered":"<p>Si apre con i saluti del sindaco Dimartino, la conferenza stampa per il 18\u00b0 memorial dedicato a Giannunzio Mandar\u00e0. \u201cQuesta amministrazione ha il piacere di presentare questo evento per la seconda volta. Pi\u00f9 che un evento sportivo \u00e8 il ricordo di uno stile di vita che Giannunzio ha lasciato a tutti noi e che grazie [&hellip;]<\/p>\n","protected":false},"author":53,"featured_media":80765,"comment_status":"closed","ping_status":"open","sticky":false,"template":"","format":"standard","meta":{"footnotes":""},"categories":[3],"tags":[1287,857,817,819],"class_list":["post-80764","post","type-post","status-publish","format-standard","has-post-thumbnail","hentry","category-sport","tag-carmelo-mandara","tag-giancarlo-distefano","tag-memorial-giannunzio-mandara","tag-polisportiva-vigor"],"_links":{"self":[{"href":"https:\/\/www.santacroceweb.com\/index.php\/wp-json\/wp\/v2\/posts\/80764","targetHints":{"allow":["GET"]}}],"collection":[{"href":"https:\/\/www.santacroceweb.com\/index.php\/wp-json\/wp\/v2\/posts"}],"about":[{"href":"https:\/\/www.santacroceweb.com\/index.php\/wp-json\/wp\/v2\/types\/post"}],"author":[{"embeddable":true,"href":"https:\/\/www.santacroceweb.com\/index.php\/wp-json\/wp\/v2\/users\/53"}],"replies":[{"embeddable":true,"href":"https:\/\/www.santacroceweb.com\/index.php\/wp-json\/wp\/v2\/comments?post=80764"}],"version-history":[{"count":0,"href":"https:\/\/www.santacroceweb.com\/index.php\/wp-json\/wp\/v2\/posts\/80764\/revisions"}],"wp:featuredmedia":[{"embeddable":true,"href":"https:\/\/www.santacroceweb.com\/index.php\/wp-json\/wp\/v2\/media\/80765"}],"wp:attachment":[{"href":"https:\/\/www.santacroceweb.com\/index.php\/wp-json\/wp\/v2\/media?parent=80764"}],"wp:term":[{"taxonomy":"category","embeddable":true,"href":"https:\/\/www.santacroceweb.com\/index.php\/wp-json\/wp\/v2\/categories?post=80764"},{"taxonomy":"post_tag","embeddable":true,"href":"https:\/\/www.santacroceweb.com\/index.php\/wp-json\/wp\/v2\/tags?post=80764"}],"curies":[{"name":"wp","href":"https:\/\/api.w.org\/{rel}","templated":true}]}}