{"id":80787,"date":"2023-08-11T18:01:37","date_gmt":"2023-08-11T16:01:37","guid":{"rendered":"https:\/\/www.santacroceweb.com\/?p=80787"},"modified":"2023-08-11T18:01:37","modified_gmt":"2023-08-11T16:01:37","slug":"calcio-il-santa-croce-trova-buone-sensazioni-e-un-nuovo-sponsor","status":"publish","type":"post","link":"https:\/\/www.santacroceweb.com\/index.php\/2023\/08\/11\/calcio-il-santa-croce-trova-buone-sensazioni-e-un-nuovo-sponsor\/","title":{"rendered":"Calcio, il Santa Croce trova buone sensazioni e un nuovo sponsor"},"content":{"rendered":"<p style=\"text-align: justify;\"><strong>A quasi tre settimane dall&#8217;inizio<\/strong> della preparazione atletica, gioved\u00ec pomeriggio, allo stadio Kennedy, il Santa Croce ha svolto il primo allenamento congiunto della stagione con l&#8217;USD CR Scicli di mister Angelo Tasca. Un test interessante per entrambi gli allenatori che hanno potuto testare sul campo i progressi e le condizioni fisiche di entrambe le squadre. Soddisfatto mister Galfano. Naturalmente i risultati di questa prima parte di stagione lasciano il tempo che trovano, ma certamente \u00e8 stato un test positivo per capire il livello tecnico del nuovo Santa Croce. L&#8217;allenatore biancazzurro, che sta continuando con le doppie sedute giornaliere, ha preferito cautelare una buona parte di giocatori, tanto che, nella partitella di due tempi da quarantacinque minuti, ha schierato ben sette giovani che hanno giostrato e corso, seguendo alla lettera le direttive dell&#8217;allenatore biancazzurro. Nonostante i carichi pesanti di queste tre settimane di allenamento, il primo tempo \u00e8 stato gradevole, mentre nella seconda parte di gara i ritmi sono calati sensibilmente.<\/p>\n<p style=\"text-align: justify;\"><strong>Buona la prova dei nuovi arrivati<\/strong> Diara, Balba, Bello che complessivamente hanno gi\u00e0 fatto intravedere una buona condizione fisica. Il Cigno affronter\u00e0 il prossimo allenamento congiunto, sabato 12 agosto alle ore 16.30, allo stadio Biazzo di Ragusa con il Pro Ragusa e stavolta mister Galfano sperer\u00e0 di poter utilizzare l&#8217;intera rosa a sua disposizione. Il lavoro del Santa Croce, comunque, continuer\u00e0 fino alla vigilia di Ferragosto, oi saranno concessi un paio di giorni di riposo per poi ritrovarsi nuovamente in campo a met\u00e0 della prossima settimana.<\/p>\n<p style=\"text-align: justify;\"><strong><img fetchpriority=\"high\" decoding=\"async\" class=\"alignright wp-image-80789 lazyload\" src=\"data:image\/gif;base64,R0lGODlhAQABAAAAACH5BAEKAAEALAAAAAABAAEAAAICTAEAOw==\" data-src=\"https:\/\/www.santacroceweb.com\/giornale1\/wp-content\/uploads\/2023\/08\/lambro.jpg\" alt=\"\" width=\"300\" height=\"300\" data-sizes=\"auto\" data-srcset=\"https:\/\/www.santacroceweb.com\/giornale1\/wp-content\/uploads\/2023\/08\/lambro.jpg 800w, https:\/\/www.santacroceweb.com\/giornale1\/wp-content\/uploads\/2023\/08\/lambro-150x150.jpg 150w\" sizes=\"(max-width: 300px) 100vw, 300px\" \/>Una notizia importante arriva<\/strong> dal fronte societario con l\u2019annuncio del main sponsor di questa stagione che sar\u00e0 il Gruppo Nova Quadri, azienda leader nel settore della telefonia e dell\u2019efficientamento energetico. La Nova Quadri far\u00e0 uno sforzo economico consistente e si spender\u00e0 fattivamente e in maniera importante a favore dell\u2019UPD Santa Croce, confermando ancor di pi\u00f9 l\u2019ottimo lavoro del settore Marketing del Cigno. Di seguito il commento dell\u2019Amministratore delegato del Gruppo Nova Quadri, Ciro Lambro: \u201cSanta Croce Camerina \u00e8 una zona interessante, dove siamo da tempo presenti con i nostri servizi, sia di telefonia che di efficientamento energetico e da oggi ufficialmente anche con la mobilit\u00e0 sostenibile e quindi con i servizi di sharing. La nostra azienda si \u00e8 convinta a investire sul Santa Croce calcio, perch\u00e9 il progetto sportivo della dirigenza ci \u00e8 sembrato solido e, soprattutto, la gestione delle operazioni di marketing e di promozione, sono consone alle nostre esigenze per un giusto ritorno d\u2019immagine\u201d.<\/p>\n","protected":false},"excerpt":{"rendered":"<p>A quasi tre settimane dall&#8217;inizio della preparazione atletica, gioved\u00ec pomeriggio, allo stadio Kennedy, il Santa Croce ha svolto il primo allenamento congiunto della stagione con l&#8217;USD CR Scicli di mister Angelo Tasca. Un test interessante per entrambi gli allenatori che hanno potuto testare sul campo i progressi e le condizioni fisiche di entrambe le squadre. [&hellip;]<\/p>\n","protected":false},"author":34,"featured_media":80788,"comment_status":"closed","ping_status":"open","sticky":false,"template":"","format":"standard","meta":{"footnotes":""},"categories":[3],"tags":[1269,194,136],"class_list":["post-80787","post","type-post","status-publish","format-standard","has-post-thumbnail","hentry","category-sport","tag-angelo-galfano","tag-calcio","tag-upd-santa-croce"],"_links":{"self":[{"href":"https:\/\/www.santacroceweb.com\/index.php\/wp-json\/wp\/v2\/posts\/80787","targetHints":{"allow":["GET"]}}],"collection":[{"href":"https:\/\/www.santacroceweb.com\/index.php\/wp-json\/wp\/v2\/posts"}],"about":[{"href":"https:\/\/www.santacroceweb.com\/index.php\/wp-json\/wp\/v2\/types\/post"}],"author":[{"embeddable":true,"href":"https:\/\/www.santacroceweb.com\/index.php\/wp-json\/wp\/v2\/users\/34"}],"replies":[{"embeddable":true,"href":"https:\/\/www.santacroceweb.com\/index.php\/wp-json\/wp\/v2\/comments?post=80787"}],"version-history":[{"count":0,"href":"https:\/\/www.santacroceweb.com\/index.php\/wp-json\/wp\/v2\/posts\/80787\/revisions"}],"wp:featuredmedia":[{"embeddable":true,"href":"https:\/\/www.santacroceweb.com\/index.php\/wp-json\/wp\/v2\/media\/80788"}],"wp:attachment":[{"href":"https:\/\/www.santacroceweb.com\/index.php\/wp-json\/wp\/v2\/media?parent=80787"}],"wp:term":[{"taxonomy":"category","embeddable":true,"href":"https:\/\/www.santacroceweb.com\/index.php\/wp-json\/wp\/v2\/categories?post=80787"},{"taxonomy":"post_tag","embeddable":true,"href":"https:\/\/www.santacroceweb.com\/index.php\/wp-json\/wp\/v2\/tags?post=80787"}],"curies":[{"name":"wp","href":"https:\/\/api.w.org\/{rel}","templated":true}]}}