{"id":80972,"date":"2023-09-14T19:31:39","date_gmt":"2023-09-14T17:31:39","guid":{"rendered":"https:\/\/www.santacroceweb.com\/?p=80972"},"modified":"2023-09-14T19:31:39","modified_gmt":"2023-09-14T17:31:39","slug":"nominati-i-commissari-delle-ex-province-a-ragusa-ce-patrizia-valenti","status":"publish","type":"post","link":"https:\/\/www.santacroceweb.com\/index.php\/2023\/09\/14\/nominati-i-commissari-delle-ex-province-a-ragusa-ce-patrizia-valenti\/","title":{"rendered":"Nominati i commissari delle ex province: a Ragusa c&#8217;\u00e8 Patrizia Valenti"},"content":{"rendered":"<p style=\"text-align: justify;\"><strong>Il presidente della Regione<\/strong> Siciliana Renato Schifani, ha nominato i nuovi commissari straordinari dei sei Liberi consorzi dei Comuni. Sono tutti dirigenti generali della Regione in servizio, in attuazione della nuova normativa approvata dall\u2019Ars. Ad Agrigento \u00e8 stato designato il capo dell\u2019Ufficio legislativo e legale della Regione Giovanni Bologna; a Caltanissetta il responsabile dell\u2019Arit, l\u2019Autorit\u00e0 regionale per l\u2019innovazione tecnologica Vitalba Vaccaro; a Enna il dirigente generale del dipartimento della Funzione pubblica Carmen Madonia; a Ragusa dirigente generale del dipartimento dell\u2019Ambiente Patrizia Valenti; a Siracusa quello dei Beni culturali Mario La Rocca; a Trapani, infine, quello del Turismo, Maria Concetta Antinoro.<\/p>\n<p style=\"text-align: justify;\"><strong>\u00abNon era possibile \u2013 sottolinea<\/strong> il presidente Schifani \u2013 aspettare oltre. \u00c8 mio dovere assicurare una guida alle sei ex Province, i cui vertici sono scaduti gi\u00e0 da due settimane. La scelta \u00e8 caduta su alcuni dei dirigenti generali in servizio di provata esperienza, ai quali ho chiesto un ulteriore impegno, oltre all\u2019attuale carico di lavoro che hanno come capi dei rispettivi dipartimenti\u00bb.<\/p>\n","protected":false},"excerpt":{"rendered":"<p>Il presidente della Regione Siciliana Renato Schifani, ha nominato i nuovi commissari straordinari dei sei Liberi consorzi dei Comuni. Sono tutti dirigenti generali della Regione in servizio, in attuazione della nuova normativa approvata dall\u2019Ars. Ad Agrigento \u00e8 stato designato il capo dell\u2019Ufficio legislativo e legale della Regione Giovanni Bologna; a Caltanissetta il responsabile dell\u2019Arit, l\u2019Autorit\u00e0 [&hellip;]<\/p>\n","protected":false},"author":34,"featured_media":80973,"comment_status":"closed","ping_status":"open","sticky":false,"template":"","format":"standard","meta":{"footnotes":""},"categories":[4],"tags":[458,1299],"class_list":["post-80972","post","type-post","status-publish","format-standard","has-post-thumbnail","hentry","category-politica","tag-libero-consorzio-di-ragusa","tag-patrizia-valenti"],"_links":{"self":[{"href":"https:\/\/www.santacroceweb.com\/index.php\/wp-json\/wp\/v2\/posts\/80972","targetHints":{"allow":["GET"]}}],"collection":[{"href":"https:\/\/www.santacroceweb.com\/index.php\/wp-json\/wp\/v2\/posts"}],"about":[{"href":"https:\/\/www.santacroceweb.com\/index.php\/wp-json\/wp\/v2\/types\/post"}],"author":[{"embeddable":true,"href":"https:\/\/www.santacroceweb.com\/index.php\/wp-json\/wp\/v2\/users\/34"}],"replies":[{"embeddable":true,"href":"https:\/\/www.santacroceweb.com\/index.php\/wp-json\/wp\/v2\/comments?post=80972"}],"version-history":[{"count":0,"href":"https:\/\/www.santacroceweb.com\/index.php\/wp-json\/wp\/v2\/posts\/80972\/revisions"}],"wp:featuredmedia":[{"embeddable":true,"href":"https:\/\/www.santacroceweb.com\/index.php\/wp-json\/wp\/v2\/media\/80973"}],"wp:attachment":[{"href":"https:\/\/www.santacroceweb.com\/index.php\/wp-json\/wp\/v2\/media?parent=80972"}],"wp:term":[{"taxonomy":"category","embeddable":true,"href":"https:\/\/www.santacroceweb.com\/index.php\/wp-json\/wp\/v2\/categories?post=80972"},{"taxonomy":"post_tag","embeddable":true,"href":"https:\/\/www.santacroceweb.com\/index.php\/wp-json\/wp\/v2\/tags?post=80972"}],"curies":[{"name":"wp","href":"https:\/\/api.w.org\/{rel}","templated":true}]}}