{"id":81300,"date":"2023-11-24T18:45:02","date_gmt":"2023-11-24T17:45:02","guid":{"rendered":"https:\/\/www.santacroceweb.com\/?p=81300"},"modified":"2023-11-30T13:57:58","modified_gmt":"2023-11-30T12:57:58","slug":"consorso-farlocco-dimartino-incarichi-fiduciari-ma-guarderemo-i-curricula","status":"publish","type":"post","link":"https:\/\/www.santacroceweb.com\/index.php\/2023\/11\/24\/consorso-farlocco-dimartino-incarichi-fiduciari-ma-guarderemo-i-curricula\/","title":{"rendered":"Ufficio di Staff, Dimartino: &#8220;Incarichi fiduciari, ma guarderemo i curricula&#8221;"},"content":{"rendered":"<p style=\"text-align: justify;\"><strong>\u201cConsidero la polemica<\/strong> dell\u2019opposizione, sul bando per l\u2019ufficio di staff del sindaco, quanto mai strumentale e populista, dal momento che si tratta di argomenti che fanno sempre breccia per essere utilizzati in mala fede sull\u2019opinione pubblica&#8221;. Lo dice il sindaco di Santa Croce, Peppe Dimartino, che prova a parare le critiche piovute sulla sua Amministrazione dopo <span style=\"text-decoration: underline;\"><a href=\"https:\/\/www.santacroceweb.com\/index.php\/2023\/11\/22\/avviso-per-due-posti-nello-staff-del-sindaco-serve-per-reclutare-i-lacche\/\" target=\"_blank\" rel=\"noopener\">la pubblicazione dell&#8217;Avviso per l&#8217;assunzione<\/a><\/span> a tempo determinato di due figure da assegnare allo Staff. &#8220;Tuttavia non posso non evidenziare come, anche questa volta, pur di attaccare questa Amministrazione, l\u2019opposizione cada in facili errori &#8211; dice il primo cittadino &#8211; sia in ordine al metodo di selezione che rispetto allo stesso piano del fabbisogno del personale, gi\u00e0 presentato ed approvato in Consiglio comunale insieme al Dup e, successivamente, come parte del Piano Integrato di Attivit\u00e0 e Organizzazione 2023\/2025\u201d.<\/p>\n<p style=\"text-align: justify;\"><strong>\u201cHo voluto attendere un anno e mezzo<\/strong> prima di avviare le selezioni &#8211; riferisce Dimartino &#8211; per dare precedenza alle necessit\u00e0 del fabbisogno degli uffici operativi, ma adesso \u00e8 giunto il momento di pensare a quello che si occupa di interagire direttamente con il primo cittadino e con la Giunta e che attende alle varie incombenze quotidiane dell&#8217;Amministrazione \u2013 prosegue il sindaco &#8211; Chi afferma che il funzionamento della segreteria del sindaco sia un aspetto superfluo e non strettamente connesso al corretto funzionamento dell&#8217;Ente dimostra di non conoscere assolutamente la macchina amministrativa. Oggi, a seguito dei numerosissimi collocamenti a riposo che si sono susseguiti, ci troviamo con minore personale rispetto al passato e per questo abbiamo implementato le assunzioni ordinarie, sia nel 2022, sia per l\u2019anno in corso e sia per il prossimo anno. Per quanto riguarda lo staff di segreteria, mi preme precisare che la modalit\u00e0 di selezione del personale assegnato prevede la possibilit\u00e0 di ricorrere a procedure diverse dalle assunzioni ordinarie ed a tempo indeterminato, in quanto tale personale deve necessariamente godere di una fiducia incondizionata da parte dell&#8217;organo politico&#8221;.<\/p>\n<p style=\"text-align: justify;\"><strong>&#8220;Avrei potuto rivoluzionare il personale<\/strong> degli uffici come hanno fatto tutte le amministrazioni prima di questa &#8211; continua Dimartino &#8211; ma abbiamo preferito non agire in questo modo, al fine di non depauperare gli uffici operativi a discapito dell&#8217;efficienza dell&#8217;Ente e dei bisogni dei cittadini. Con il piano del fabbisogno di personale per il 2023, gi\u00e0 approvato lo scorso giugno, abbiamo proceduto all\u2019inserimento di queste particolari figure, i cui avvisi di selezione si fondano sull\u2019art.90 del TUEL, che disciplina, appunto, gli \u2018Uffici di supporto agli organi di direzione politica\u2019. Questa norma risponde alla necessit\u00e0 di assicurare agli organi titolari dell\u2019autorit\u00e0 politica, la possibilit\u00e0 di disporre di personale \u201cper l\u2019esercizio delle funzioni di indirizzo e di controllo loro attribuite dalla legge\u201d. In virt\u00f9 di tale funzione, il rapporto di lavoro instaurato ai sensi dell\u2019art. 90 del TUEL ha natura \u201cfiduciaria\u201d ed \u00e8 instaurato in base all\u2019intuitu personae, senza, dunque, la necessit\u00e0 di particolari procedure selettive, fermo restando, tuttavia, che non si pu\u00f2 prescindere da una valutazione sulle specifiche professionalit\u00e0 necessarie per l\u2019espletamento dell\u2019incarico&#8221;.<\/p>\n<p style=\"text-align: justify;\"><strong>&#8220;Infatti, gli avvisi di selezione<\/strong> prevedono che i candidati debbano, in primo luogo, possedere il titolo di studio corrispondente all\u2019Area di inquadramento e, inoltre, che gli stessi alleghino alla domanda di partecipazione il proprio dettagliato curriculum. La giurisprudenza \u00e8 univoca nel riconoscere in questa tipologia di selezione del personale un carattere fiduciario, precisando, comunque, che la specializzazione del candidato deve essere valutata in relazione alle funzioni da svolgere. Il bando \u00e8 stato correttamente pubblicato all\u2019Albo Pretorio e nella piattaforma INPA, come prevede la norma. Alla scadenza del termine per presentare le candidature, pertanto, si proceder\u00e0 alla necessaria comparazione dei curricula presentati, in quanto l\u2019Amministrazione \u00e8 ben consapevole che il carattere fiduciario della selezione, che pur deve sussistere nell\u2019ambito di un rapporto di staff, non pu\u00f2 prescindere da una oggettiva valutazione del curriculum vitae del soggetto preso in considerazione, anche al fine di collocare nell\u2019ambito della \u2018macchina amministrativa\u2019 collaboratori in osservanza del fondamentale principio di trasparenza che deve connotare l\u2019attivit\u00e0 dell\u2019Amministrazione&#8221;.<\/p>\n<p style=\"text-align: justify;\"><strong>&#8220;La modalit\u00e0 selettiva<\/strong> &#8211; conclude Dimartino &#8211; \u00e8 stata inoltre attentamente vagliata dagli Uffici che, in un\u2019ottica di garanzia per l\u2019Amministrazione comunale, hanno predisposto gli atti in piena conformit\u00e0 alla normativa. Non posso che considerare questi attacchi quanto mai strumentali, poich\u00e9 non tengono minimamente conto dell\u2019interesse della citt\u00e0\u201d.<\/p>\n","protected":false},"excerpt":{"rendered":"<p>\u201cConsidero la polemica dell\u2019opposizione, sul bando per l\u2019ufficio di staff del sindaco, quanto mai strumentale e populista, dal momento che si tratta di argomenti che fanno sempre breccia per essere utilizzati in mala fede sull\u2019opinione pubblica&#8221;. Lo dice il sindaco di Santa Croce, Peppe Dimartino, che prova a parare le critiche piovute sulla sua Amministrazione [&hellip;]<\/p>\n","protected":false},"author":34,"featured_media":81314,"comment_status":"closed","ping_status":"open","sticky":false,"template":"","format":"standard","meta":{"footnotes":""},"categories":[4],"tags":[1000,139],"class_list":["post-81300","post","type-post","status-publish","format-standard","has-post-thumbnail","hentry","category-politica","tag-peppe-dimartino","tag-santa-croce-camerina"],"_links":{"self":[{"href":"https:\/\/www.santacroceweb.com\/index.php\/wp-json\/wp\/v2\/posts\/81300","targetHints":{"allow":["GET"]}}],"collection":[{"href":"https:\/\/www.santacroceweb.com\/index.php\/wp-json\/wp\/v2\/posts"}],"about":[{"href":"https:\/\/www.santacroceweb.com\/index.php\/wp-json\/wp\/v2\/types\/post"}],"author":[{"embeddable":true,"href":"https:\/\/www.santacroceweb.com\/index.php\/wp-json\/wp\/v2\/users\/34"}],"replies":[{"embeddable":true,"href":"https:\/\/www.santacroceweb.com\/index.php\/wp-json\/wp\/v2\/comments?post=81300"}],"version-history":[{"count":0,"href":"https:\/\/www.santacroceweb.com\/index.php\/wp-json\/wp\/v2\/posts\/81300\/revisions"}],"wp:featuredmedia":[{"embeddable":true,"href":"https:\/\/www.santacroceweb.com\/index.php\/wp-json\/wp\/v2\/media\/81314"}],"wp:attachment":[{"href":"https:\/\/www.santacroceweb.com\/index.php\/wp-json\/wp\/v2\/media?parent=81300"}],"wp:term":[{"taxonomy":"category","embeddable":true,"href":"https:\/\/www.santacroceweb.com\/index.php\/wp-json\/wp\/v2\/categories?post=81300"},{"taxonomy":"post_tag","embeddable":true,"href":"https:\/\/www.santacroceweb.com\/index.php\/wp-json\/wp\/v2\/tags?post=81300"}],"curies":[{"name":"wp","href":"https:\/\/api.w.org\/{rel}","templated":true}]}}