{"id":81420,"date":"2023-12-22T16:38:05","date_gmt":"2023-12-22T15:38:05","guid":{"rendered":"https:\/\/www.santacroceweb.com\/?p=81420"},"modified":"2023-12-22T16:38:05","modified_gmt":"2023-12-22T15:38:05","slug":"torna-il-natale-solidale-distribuiti-doni-a-quaranta-famiglie-in-difficolta","status":"publish","type":"post","link":"https:\/\/www.santacroceweb.com\/index.php\/2023\/12\/22\/torna-il-natale-solidale-distribuiti-doni-a-quaranta-famiglie-in-difficolta\/","title":{"rendered":"Torna il Natale Solidale: distribuiti doni a quaranta famiglie in difficolt\u00e0"},"content":{"rendered":"<p style=\"text-align: justify;\"><strong>Torna il \u201cNatale Solidale\u201d a Santa Croce.<\/strong> Dopo l\u2019edizione dello scorso anno, si rinnova la collaborazione tra Amministrazione comunale e Conad Sallemi, con la novit\u00e0 di quest\u2019anno dell\u2019azienda Zisa &amp; Stamilla, per portare nelle case di chi ha pi\u00f9 bisogno un piccolo ma al tempo stesso significativo segnale di vicinanza, in prossimit\u00e0 delle feste, per tutti coloro che, per motivi diversi, non stanno attraversando un momento felice dal punto di vista economico. In particolare, sono stati distribuiti doni in favore di 40 famiglie che si trovano in difficolt\u00e0. \u201cCome lo scorso anno, dagli elenchi dei servizi sociali, abbiamo fatto una mappatura, individuando i nuclei familiari che pi\u00f9 necessitavano di questo tipo di gesto \u2013 dice il sindaco Peppe Dimartino &#8211; La stagione natalizia \u00e8 spesso un periodo di gioia e condivisione, ma per alcune famiglie pu\u00f2 essere anche un periodo di difficolt\u00e0 e solitudine. Con questa iniziativa, vogliamo assicurarci che ogni famiglia possa vivere le festivit\u00e0 con la dignit\u00e0 e il calore che merita. Rinnoviamo in questo modo anche una sinergia importante com\u2019\u00e8 quella tra l\u2019Amministrazione comunale e due aziende private che fanno parte della storia del tessuto imprenditoriale cittadino e che ringrazio insieme all\u2019Associazione Astra e ai Volontari del Soccorso di Santa Croce che si sono occupati materialmente della consegna\u201d.<\/p>\n","protected":false},"excerpt":{"rendered":"<p>Torna il \u201cNatale Solidale\u201d a Santa Croce. Dopo l\u2019edizione dello scorso anno, si rinnova la collaborazione tra Amministrazione comunale e Conad Sallemi, con la novit\u00e0 di quest\u2019anno dell\u2019azienda Zisa &amp; Stamilla, per portare nelle case di chi ha pi\u00f9 bisogno un piccolo ma al tempo stesso significativo segnale di vicinanza, in prossimit\u00e0 delle feste, per [&hellip;]<\/p>\n","protected":false},"author":34,"featured_media":81421,"comment_status":"closed","ping_status":"open","sticky":false,"template":"","format":"standard","meta":{"footnotes":""},"categories":[8],"tags":[1183,1000],"class_list":["post-81420","post","type-post","status-publish","format-standard","has-post-thumbnail","hentry","category-attualita","tag-natale-solidale","tag-peppe-dimartino"],"_links":{"self":[{"href":"https:\/\/www.santacroceweb.com\/index.php\/wp-json\/wp\/v2\/posts\/81420","targetHints":{"allow":["GET"]}}],"collection":[{"href":"https:\/\/www.santacroceweb.com\/index.php\/wp-json\/wp\/v2\/posts"}],"about":[{"href":"https:\/\/www.santacroceweb.com\/index.php\/wp-json\/wp\/v2\/types\/post"}],"author":[{"embeddable":true,"href":"https:\/\/www.santacroceweb.com\/index.php\/wp-json\/wp\/v2\/users\/34"}],"replies":[{"embeddable":true,"href":"https:\/\/www.santacroceweb.com\/index.php\/wp-json\/wp\/v2\/comments?post=81420"}],"version-history":[{"count":0,"href":"https:\/\/www.santacroceweb.com\/index.php\/wp-json\/wp\/v2\/posts\/81420\/revisions"}],"wp:featuredmedia":[{"embeddable":true,"href":"https:\/\/www.santacroceweb.com\/index.php\/wp-json\/wp\/v2\/media\/81421"}],"wp:attachment":[{"href":"https:\/\/www.santacroceweb.com\/index.php\/wp-json\/wp\/v2\/media?parent=81420"}],"wp:term":[{"taxonomy":"category","embeddable":true,"href":"https:\/\/www.santacroceweb.com\/index.php\/wp-json\/wp\/v2\/categories?post=81420"},{"taxonomy":"post_tag","embeddable":true,"href":"https:\/\/www.santacroceweb.com\/index.php\/wp-json\/wp\/v2\/tags?post=81420"}],"curies":[{"name":"wp","href":"https:\/\/api.w.org\/{rel}","templated":true}]}}