{"id":81432,"date":"2023-12-27T14:25:22","date_gmt":"2023-12-27T13:25:22","guid":{"rendered":"https:\/\/www.santacroceweb.com\/?p=81432"},"modified":"2023-12-27T15:28:37","modified_gmt":"2023-12-27T14:28:37","slug":"nasce-allasp-di-ragusa-il-servizio-contro-i-disturbi-della-nutrizione","status":"publish","type":"post","link":"https:\/\/www.santacroceweb.com\/index.php\/2023\/12\/27\/nasce-allasp-di-ragusa-il-servizio-contro-i-disturbi-della-nutrizione\/","title":{"rendered":"Nasce all&#8217;ASP di Ragusa il servizio contro i disturbi della nutrizione"},"content":{"rendered":"<p style=\"text-align: justify;\"><strong>L\u2019ASP di Ragusa mette in campo<\/strong> un team multiprofessionale per occuparsi dei disturbi della nutrizione e dell\u2019alimentazione, che nel periodo post-Covid hanno fatto registrare un notevole incremento. Secondo i dati forniti dal Ministero della Salute, si \u00e8 passati dai 680 mila casi censiti nel 2019 a quasi un milione a mezzo diagnosticati nel 2022: la patologia pi\u00f9 diffusa, che colpisce in prevalenza la fascia d\u2019et\u00e0 13-25 anni, \u00e8 l\u2019anoressia nervosa.<\/p>\n<p style=\"text-align: justify;\"><strong>Sulla scorta di quanto stabilito<\/strong> dalle linee d\u2019indirizzo regionali, gi\u00e0 da qualche settimana il Dipartimento di Salute Mentale, diretto da Pino Morando, ha mobilitato i vari professionisti dell\u2019Azienda per la realizzazione di una procedura che ha lo scopo di definire percorsi assistenziali per i minori (0-17 anni) e per i giovani adulti (dai 18 anni in su) affetti da disturbi della nutrizione e dell\u2019alimentazione (Dna), attraverso la creazione di una rete assistenziale integrata. Essa prevede una forma di collaborazione interdipartimentale e di integrazione fra servizi ambulatoriali e ospedalieri dell\u2019ASP: sono coinvolti a vario titolo il Dipartimento di Salute Mentale (Unit\u00e0 di Neuropsichiatria, Sert e Unit\u00e0 di Psichiatria), l\u2019Ambulatorio per l\u2019obesit\u00e0 infantile, il Dipartimento Materno-Infantile (U.O.C. Pediatria ospedaliera) e il Dipartimento di Medicina Interna.<\/p>\n<p style=\"text-align: justify;\"><strong>L\u2019accesso al servizio messo<\/strong> a disposizione dall\u2019ASP potr\u00e0 avvenire da numerosi canali, come il medico di famiglia o il pediatra, compreso il Pronto soccorso, mediante l\u2019attivazione di una procedura definita \u201cCodice Lilla\u201d, attraverso il coinvolgimento dei medici internisti. A conclusione del percorso diagnostico, attivato mediante una serie di esami e valutazioni sotto il profilo nutrizionale, psicologico e psichiatrico, il team multiprofessionale dell\u2019ASP prender\u00e0 in carico il paziente per stabilire, con il coinvolgimento della famiglia, il piano terapeutico ritenuto pi\u00f9 idoneo, in base al grado di gravit\u00e0, dipendente dalle condizioni fisiche, psicologiche e familiari del paziente.<\/p>\n<p style=\"text-align: justify;\"><strong>\u201cSi tratta di un\u2019assoluta novit\u00e0<\/strong> nel panorama regionale &#8211; spiega il dott. Morando -. L\u2019ASP mette in campo una \u00e9quipe multiprofessionale in grado di affrontare una problematica complessa e per molti versi preoccupanti. A beneficio della consapevolezza di tutti i colleghi, terremo a breve due giorni di formazione con il gruppo coordinato dal prof. Mendolicchio, uno dei massimi esperti in materia di disturbi alimentari, nonch\u00e9 responsabile clinico di diverse strutture assistenziali che se ne occupano\u201d.<\/p>\n<p style=\"text-align: justify;\"><strong>Il Commissario dell\u2019ASP di Ragusa<\/strong>, Fabrizio Russo, sottolinea \u201cl\u2019approccio multidisciplinare ad un problema complesso, che deve essere affrontato da diverse angolature e con il supporto di saperi e competenze mirati\u201d. Per Russo \u201c\u00e8 il modo migliore per aggredire queste patologie, che spesso si presentano in maniera silente, ma che talvolta vengono affrontate senza un\u2019adeguata preparazione. Attivare un percorso per la presa in carico, attraverso la diffusione e l\u2019adozione di linee guida ben definite, rappresenta uno snodo facilitatore che l\u2019ASP mette a disposizione delle famiglie. L\u2019obiettivo \u00e8 duplice: individuare il problema sin dai primi sintomi, allo scopo di garantire una migliore qualit\u00e0 della vita ai pazienti; e abbattere i costi di ospedalizzazione che derivano dall\u2019insorgere di queste\u00a0patologie\u201d.<\/p>\n","protected":false},"excerpt":{"rendered":"<p>L\u2019ASP di Ragusa mette in campo un team multiprofessionale per occuparsi dei disturbi della nutrizione e dell\u2019alimentazione, che nel periodo post-Covid hanno fatto registrare un notevole incremento. Secondo i dati forniti dal Ministero della Salute, si \u00e8 passati dai 680 mila casi censiti nel 2019 a quasi un milione a mezzo diagnosticati nel 2022: la [&hellip;]<\/p>\n","protected":false},"author":34,"featured_media":81433,"comment_status":"closed","ping_status":"open","sticky":false,"template":"","format":"standard","meta":{"footnotes":""},"categories":[8],"tags":[544,1218,1344],"class_list":["post-81432","post","type-post","status-publish","format-standard","has-post-thumbnail","hentry","category-attualita","tag-asp-ragusa","tag-fabrizio-russo","tag-giuseppe-morando"],"_links":{"self":[{"href":"https:\/\/www.santacroceweb.com\/index.php\/wp-json\/wp\/v2\/posts\/81432","targetHints":{"allow":["GET"]}}],"collection":[{"href":"https:\/\/www.santacroceweb.com\/index.php\/wp-json\/wp\/v2\/posts"}],"about":[{"href":"https:\/\/www.santacroceweb.com\/index.php\/wp-json\/wp\/v2\/types\/post"}],"author":[{"embeddable":true,"href":"https:\/\/www.santacroceweb.com\/index.php\/wp-json\/wp\/v2\/users\/34"}],"replies":[{"embeddable":true,"href":"https:\/\/www.santacroceweb.com\/index.php\/wp-json\/wp\/v2\/comments?post=81432"}],"version-history":[{"count":0,"href":"https:\/\/www.santacroceweb.com\/index.php\/wp-json\/wp\/v2\/posts\/81432\/revisions"}],"wp:featuredmedia":[{"embeddable":true,"href":"https:\/\/www.santacroceweb.com\/index.php\/wp-json\/wp\/v2\/media\/81433"}],"wp:attachment":[{"href":"https:\/\/www.santacroceweb.com\/index.php\/wp-json\/wp\/v2\/media?parent=81432"}],"wp:term":[{"taxonomy":"category","embeddable":true,"href":"https:\/\/www.santacroceweb.com\/index.php\/wp-json\/wp\/v2\/categories?post=81432"},{"taxonomy":"post_tag","embeddable":true,"href":"https:\/\/www.santacroceweb.com\/index.php\/wp-json\/wp\/v2\/tags?post=81432"}],"curies":[{"name":"wp","href":"https:\/\/api.w.org\/{rel}","templated":true}]}}